{"id":18824,"date":"2022-03-25T09:06:58","date_gmt":"2022-03-25T09:06:58","guid":{"rendered":"https:\/\/www.tunisiechallenge.com\/la-tunisie-challenge-con-el-apoyo-de-la-fta\/"},"modified":"2022-03-25T09:14:36","modified_gmt":"2022-03-25T09:14:36","slug":"la-tunisie-challenge-avec-le-soutien-de-la-fta","status":"publish","type":"post","link":"https:\/\/www.tunisiechallenge.com\/fr\/la-tunisie-challenge-avec-le-soutien-de-la-fta\/","title":{"rendered":"LA TUNISIE CHALLENGE, AVEC LE SOUTIEN DE LA FTA"},"content":{"rendered":"<h2><img decoding=\"async\" class=\"alignnone size-full wp-image-18819\" src=\"https:\/\/www.tunisiechallenge.com\/wp-content\/uploads\/2022\/03\/federacion-tunecina-del-automovil.jpg\" alt=\"\" width=\"1200\" height=\"675\" srcset=\"https:\/\/www.tunisiechallenge.com\/wp-content\/uploads\/2022\/03\/federacion-tunecina-del-automovil-200x113.jpg 200w, https:\/\/www.tunisiechallenge.com\/wp-content\/uploads\/2022\/03\/federacion-tunecina-del-automovil-300x169.jpg 300w, https:\/\/www.tunisiechallenge.com\/wp-content\/uploads\/2022\/03\/federacion-tunecina-del-automovil-400x225.jpg 400w, https:\/\/www.tunisiechallenge.com\/wp-content\/uploads\/2022\/03\/federacion-tunecina-del-automovil-600x338.jpg 600w, https:\/\/www.tunisiechallenge.com\/wp-content\/uploads\/2022\/03\/federacion-tunecina-del-automovil-768x432.jpg 768w, https:\/\/www.tunisiechallenge.com\/wp-content\/uploads\/2022\/03\/federacion-tunecina-del-automovil-800x450.jpg 800w, https:\/\/www.tunisiechallenge.com\/wp-content\/uploads\/2022\/03\/federacion-tunecina-del-automovil-1024x576.jpg 1024w, https:\/\/www.tunisiechallenge.com\/wp-content\/uploads\/2022\/03\/federacion-tunecina-del-automovil.jpg 1200w\" sizes=\"(max-width: 1200px) 100vw, 1200px\" \/><\/h2>\n<h2>La F\u00e9d\u00e9ration tunisienne de l&rsquo;automobile sera un partenaire prioritaire lors de la premi\u00e8re \u00e9dition de la Tunisie Challenge, qui se d\u00e9roulera du 8 au 17 avril.<\/h2>\n<p>La collaboration a d\u00e9but\u00e9e lorsque nous avons effectu\u00e9 les premi\u00e8res reconnaissances et les contacts avec son pr\u00e9sident, Hatem Ben Youssef, sont devenus de plus en plus \u00e9troits, jusqu&rsquo;\u00e0 ce que nous parvenions \u00e0 un accord qui, selon nous, sera tr\u00e8s profitable.<\/p>\n<p>La F\u00e9d\u00e9ration tunisienne de l&rsquo;automobile sera charg\u00e9e de coordonner les diff\u00e9rents d\u00e9partements impliqu\u00e9s dans le d\u00e9roulement normal de la Tunisie Challenge Spring \u00c9dition. Douanes, Tourisme, S\u00e9curit\u00e9 et Police- et leurs commissaires nous accompagneront tout au long de l&rsquo;\u00e9v\u00e9nement. C&rsquo;est-\u00e0-dire, depuis le moment o\u00f9 nous d\u00e9barquons au port de Carthage, dans les environs de Tunis, la capitale tunisienne, jusqu&rsquo;\u00e0 la fin de l\u2019\u00e9preuve sur l&rsquo;\u00eele de Djerba. Son but est d&rsquo;aider pour tout ce qui est n\u00e9cessaire, afin que tout se passe bien et que nous disposions des meilleures conditions possibles dans cette nouvelle aventure que nous sommes sur le point d&rsquo;affronter.<\/p>\n","protected":false},"excerpt":{"rendered":"<p>La F\u00e9d\u00e9ration tunisienne de l&rsquo;automobile sera un partenaire prioritaire lors<\/p>\n","protected":false},"author":2,"featured_media":18819,"comment_status":"closed","ping_status":"closed","sticky":false,"template":"","format":"standard","meta":{"footnotes":""},"categories":[91],"tags":[],"class_list":["post-18824","post","type-post","status-publish","format-standard","has-post-thumbnail","hentry","category-noticias-fr"],"yoast_head":"<!-- This site is optimized with the Yoast SEO plugin v27.4 - https:\/\/yoast.com\/product\/yoast-seo-wordpress\/ -->\n<title>LA TUNISIE CHALLENGE, AVEC LE SOUTIEN DE LA FTA - Tunisie Challenge<\/title>\n<meta name=\"description\" content=\"La Federaci\u00f3n Tunecina de Automovilismo ser\u00e1 un socio prioritario en la primera edici\u00f3n de la Tunisie Challenge, que se disputar\u00e1 del 8 al 17 de abril.\" \/>\n<meta name=\"robots\" content=\"index, follow, max-snippet:-1, max-image-preview:large, max-video-preview:-1\" \/>\n<link rel=\"canonical\" href=\"https:\/\/www.tunisiechallenge.com\/fr\/la-tunisie-challenge-avec-le-soutien-de-la-fta\/\" \/>\n<meta property=\"og:locale\" content=\"fr_FR\" \/>\n<meta property=\"og:type\" content=\"article\" \/>\n<meta property=\"og:title\" content=\"LA TUNISIE CHALLENGE, AVEC LE SOUTIEN DE LA FTA - Tunisie Challenge\" \/>\n<meta property=\"og:description\" content=\"La Federaci\u00f3n Tunecina de Automovilismo ser\u00e1 un socio prioritario en la primera edici\u00f3n de la Tunisie Challenge, que se disputar\u00e1 del 8 al 17 de abril.\" \/>\n<meta property=\"og:url\" content=\"https:\/\/www.tunisiechallenge.com\/fr\/la-tunisie-challenge-avec-le-soutien-de-la-fta\/\" \/>\n<meta property=\"og:site_name\" content=\"Tunisie Challenge\" \/>\n<meta property=\"article:published_time\" content=\"2022-03-25T09:06:58+00:00\" \/>\n<meta property=\"article:modified_time\" content=\"2022-03-25T09:14:36+00:00\" \/>\n<meta property=\"og:image\" content=\"https:\/\/www.tunisiechallenge.com\/wp-content\/uploads\/2022\/03\/federacion-tunecina-del-automovil.jpg\" \/>\n\t<meta property=\"og:image:width\" content=\"1200\" \/>\n\t<meta property=\"og:image:height\" content=\"675\" \/>\n\t<meta property=\"og:image:type\" content=\"image\/jpeg\" \/>\n<meta name=\"author\" content=\"Rui Caba\u00e7o\" \/>\n<meta name=\"twitter:card\" content=\"summary_large_image\" \/>\n<meta name=\"twitter:label1\" content=\"\u00c9crit par\" \/>\n\t<meta name=\"twitter:data1\" content=\"Rui Caba\u00e7o\" \/>\n\t<meta name=\"twitter:label2\" content=\"Dur\u00e9e de lecture estim\u00e9e\" \/>\n\t<meta name=\"twitter:data2\" content=\"1 minute\" \/>\n<script type=\"application\/ld+json\" class=\"yoast-schema-graph\">{\"@context\":\"https:\\\/\\\/schema.org\",\"@graph\":[{\"@type\":\"Article\",\"@id\":\"https:\\\/\\\/www.tunisiechallenge.com\\\/fr\\\/la-tunisie-challenge-avec-le-soutien-de-la-fta\\\/#article\",\"isPartOf\":{\"@id\":\"https:\\\/\\\/www.tunisiechallenge.com\\\/fr\\\/la-tunisie-challenge-avec-le-soutien-de-la-fta\\\/\"},\"author\":{\"name\":\"Rui Caba\u00e7o\",\"@id\":\"https:\\\/\\\/www.tunisiechallenge.com\\\/fr\\\/#\\\/schema\\\/person\\\/298a597a188b0019416217b2301b9e10\"},\"headline\":\"LA TUNISIE CHALLENGE, AVEC LE SOUTIEN DE LA FTA\",\"datePublished\":\"2022-03-25T09:06:58+00:00\",\"dateModified\":\"2022-03-25T09:14:36+00:00\",\"mainEntityOfPage\":{\"@id\":\"https:\\\/\\\/www.tunisiechallenge.com\\\/fr\\\/la-tunisie-challenge-avec-le-soutien-de-la-fta\\\/\"},\"wordCount\":203,\"publisher\":{\"@id\":\"https:\\\/\\\/www.tunisiechallenge.com\\\/fr\\\/#organization\"},\"image\":{\"@id\":\"https:\\\/\\\/www.tunisiechallenge.com\\\/fr\\\/la-tunisie-challenge-avec-le-soutien-de-la-fta\\\/#primaryimage\"},\"thumbnailUrl\":\"https:\\\/\\\/www.tunisiechallenge.com\\\/wp-content\\\/uploads\\\/2022\\\/03\\\/federacion-tunecina-del-automovil.jpg\",\"articleSection\":[\"Noticias\"],\"inLanguage\":\"fr-FR\"},{\"@type\":\"WebPage\",\"@id\":\"https:\\\/\\\/www.tunisiechallenge.com\\\/fr\\\/la-tunisie-challenge-avec-le-soutien-de-la-fta\\\/\",\"url\":\"https:\\\/\\\/www.tunisiechallenge.com\\\/fr\\\/la-tunisie-challenge-avec-le-soutien-de-la-fta\\\/\",\"name\":\"LA TUNISIE CHALLENGE, AVEC LE SOUTIEN DE LA FTA - Tunisie Challenge\",\"isPartOf\":{\"@id\":\"https:\\\/\\\/www.tunisiechallenge.com\\\/fr\\\/#website\"},\"primaryImageOfPage\":{\"@id\":\"https:\\\/\\\/www.tunisiechallenge.com\\\/fr\\\/la-tunisie-challenge-avec-le-soutien-de-la-fta\\\/#primaryimage\"},\"image\":{\"@id\":\"https:\\\/\\\/www.tunisiechallenge.com\\\/fr\\\/la-tunisie-challenge-avec-le-soutien-de-la-fta\\\/#primaryimage\"},\"thumbnailUrl\":\"https:\\\/\\\/www.tunisiechallenge.com\\\/wp-content\\\/uploads\\\/2022\\\/03\\\/federacion-tunecina-del-automovil.jpg\",\"datePublished\":\"2022-03-25T09:06:58+00:00\",\"dateModified\":\"2022-03-25T09:14:36+00:00\",\"description\":\"La Federaci\u00f3n Tunecina de Automovilismo ser\u00e1 un socio prioritario en la primera edici\u00f3n de la Tunisie Challenge, que se disputar\u00e1 del 8 al 17 de abril.\",\"breadcrumb\":{\"@id\":\"https:\\\/\\\/www.tunisiechallenge.com\\\/fr\\\/la-tunisie-challenge-avec-le-soutien-de-la-fta\\\/#breadcrumb\"},\"inLanguage\":\"fr-FR\",\"potentialAction\":[{\"@type\":\"ReadAction\",\"target\":[\"https:\\\/\\\/www.tunisiechallenge.com\\\/fr\\\/la-tunisie-challenge-avec-le-soutien-de-la-fta\\\/\"]}]},{\"@type\":\"ImageObject\",\"inLanguage\":\"fr-FR\",\"@id\":\"https:\\\/\\\/www.tunisiechallenge.com\\\/fr\\\/la-tunisie-challenge-avec-le-soutien-de-la-fta\\\/#primaryimage\",\"url\":\"https:\\\/\\\/www.tunisiechallenge.com\\\/wp-content\\\/uploads\\\/2022\\\/03\\\/federacion-tunecina-del-automovil.jpg\",\"contentUrl\":\"https:\\\/\\\/www.tunisiechallenge.com\\\/wp-content\\\/uploads\\\/2022\\\/03\\\/federacion-tunecina-del-automovil.jpg\",\"width\":1200,\"height\":675},{\"@type\":\"BreadcrumbList\",\"@id\":\"https:\\\/\\\/www.tunisiechallenge.com\\\/fr\\\/la-tunisie-challenge-avec-le-soutien-de-la-fta\\\/#breadcrumb\",\"itemListElement\":[{\"@type\":\"ListItem\",\"position\":1,\"name\":\"Portada\",\"item\":\"https:\\\/\\\/www.tunisiechallenge.com\\\/fr\\\/\"},{\"@type\":\"ListItem\",\"position\":2,\"name\":\"LA TUNISIE CHALLENGE, AVEC LE SOUTIEN DE LA FTA\"}]},{\"@type\":\"WebSite\",\"@id\":\"https:\\\/\\\/www.tunisiechallenge.com\\\/fr\\\/#website\",\"url\":\"https:\\\/\\\/www.tunisiechallenge.com\\\/fr\\\/\",\"name\":\"Tunisie Challenge\",\"description\":\"Le Dakar des ann\u00e9es 70 pour les aventuriers d\u2019aujourd\u2019hui\",\"publisher\":{\"@id\":\"https:\\\/\\\/www.tunisiechallenge.com\\\/fr\\\/#organization\"},\"potentialAction\":[{\"@type\":\"SearchAction\",\"target\":{\"@type\":\"EntryPoint\",\"urlTemplate\":\"https:\\\/\\\/www.tunisiechallenge.com\\\/fr\\\/?s={search_term_string}\"},\"query-input\":{\"@type\":\"PropertyValueSpecification\",\"valueRequired\":true,\"valueName\":\"search_term_string\"}}],\"inLanguage\":\"fr-FR\"},{\"@type\":\"Organization\",\"@id\":\"https:\\\/\\\/www.tunisiechallenge.com\\\/fr\\\/#organization\",\"name\":\"TUNISIE CHALLENGE\",\"url\":\"https:\\\/\\\/www.tunisiechallenge.com\\\/fr\\\/\",\"logo\":{\"@type\":\"ImageObject\",\"inLanguage\":\"fr-FR\",\"@id\":\"https:\\\/\\\/www.tunisiechallenge.com\\\/fr\\\/#\\\/schema\\\/logo\\\/image\\\/\",\"url\":\"https:\\\/\\\/www.tunisiechallenge.com\\\/wp-content\\\/uploads\\\/2021\\\/09\\\/Logo-Tunisie_Challenge.png\",\"contentUrl\":\"https:\\\/\\\/www.tunisiechallenge.com\\\/wp-content\\\/uploads\\\/2021\\\/09\\\/Logo-Tunisie_Challenge.png\",\"width\":170,\"height\":96,\"caption\":\"TUNISIE CHALLENGE\"},\"image\":{\"@id\":\"https:\\\/\\\/www.tunisiechallenge.com\\\/fr\\\/#\\\/schema\\\/logo\\\/image\\\/\"}},{\"@type\":\"Person\",\"@id\":\"https:\\\/\\\/www.tunisiechallenge.com\\\/fr\\\/#\\\/schema\\\/person\\\/298a597a188b0019416217b2301b9e10\",\"name\":\"Rui Caba\u00e7o\",\"image\":{\"@type\":\"ImageObject\",\"inLanguage\":\"fr-FR\",\"@id\":\"https:\\\/\\\/secure.gravatar.com\\\/avatar\\\/7ac3f434351cbd7875a5f064f6695a52ab4f6ffeb48c6bffb908c8e6f0e3bf73?s=96&d=mm&r=g\",\"url\":\"https:\\\/\\\/secure.gravatar.com\\\/avatar\\\/7ac3f434351cbd7875a5f064f6695a52ab4f6ffeb48c6bffb908c8e6f0e3bf73?s=96&d=mm&r=g\",\"contentUrl\":\"https:\\\/\\\/secure.gravatar.com\\\/avatar\\\/7ac3f434351cbd7875a5f064f6695a52ab4f6ffeb48c6bffb908c8e6f0e3bf73?s=96&d=mm&r=g\",\"caption\":\"Rui Caba\u00e7o\"},\"url\":\"https:\\\/\\\/www.tunisiechallenge.com\\\/fr\\\/author\\\/ruibri1\\\/\"}]}<\/script>\n<!-- \/ Yoast SEO plugin. -->","yoast_head_json":{"title":"LA TUNISIE CHALLENGE, AVEC LE SOUTIEN DE LA FTA - Tunisie Challenge","description":"La Federaci\u00f3n Tunecina de Automovilismo ser\u00e1 un socio prioritario en la primera edici\u00f3n de la Tunisie Challenge, que se disputar\u00e1 del 8 al 17 de abril.","robots":{"index":"index","follow":"follow","max-snippet":"max-snippet:-1","max-image-preview":"max-image-preview:large","max-video-preview":"max-video-preview:-1"},"canonical":"https:\/\/www.tunisiechallenge.com\/fr\/la-tunisie-challenge-avec-le-soutien-de-la-fta\/","og_locale":"fr_FR","og_type":"article","og_title":"LA TUNISIE CHALLENGE, AVEC LE SOUTIEN DE LA FTA - Tunisie Challenge","og_description":"La Federaci\u00f3n Tunecina de Automovilismo ser\u00e1 un socio prioritario en la primera edici\u00f3n de la Tunisie Challenge, que se disputar\u00e1 del 8 al 17 de abril.","og_url":"https:\/\/www.tunisiechallenge.com\/fr\/la-tunisie-challenge-avec-le-soutien-de-la-fta\/","og_site_name":"Tunisie Challenge","article_published_time":"2022-03-25T09:06:58+00:00","article_modified_time":"2022-03-25T09:14:36+00:00","og_image":[{"width":1200,"height":675,"url":"https:\/\/www.tunisiechallenge.com\/wp-content\/uploads\/2022\/03\/federacion-tunecina-del-automovil.jpg","type":"image\/jpeg"}],"author":"Rui Caba\u00e7o","twitter_card":"summary_large_image","twitter_misc":{"\u00c9crit par":"Rui Caba\u00e7o","Dur\u00e9e de lecture estim\u00e9e":"1 minute"},"schema":{"@context":"https:\/\/schema.org","@graph":[{"@type":"Article","@id":"https:\/\/www.tunisiechallenge.com\/fr\/la-tunisie-challenge-avec-le-soutien-de-la-fta\/#article","isPartOf":{"@id":"https:\/\/www.tunisiechallenge.com\/fr\/la-tunisie-challenge-avec-le-soutien-de-la-fta\/"},"author":{"name":"Rui Caba\u00e7o","@id":"https:\/\/www.tunisiechallenge.com\/fr\/#\/schema\/person\/298a597a188b0019416217b2301b9e10"},"headline":"LA TUNISIE CHALLENGE, AVEC LE SOUTIEN DE LA FTA","datePublished":"2022-03-25T09:06:58+00:00","dateModified":"2022-03-25T09:14:36+00:00","mainEntityOfPage":{"@id":"https:\/\/www.tunisiechallenge.com\/fr\/la-tunisie-challenge-avec-le-soutien-de-la-fta\/"},"wordCount":203,"publisher":{"@id":"https:\/\/www.tunisiechallenge.com\/fr\/#organization"},"image":{"@id":"https:\/\/www.tunisiechallenge.com\/fr\/la-tunisie-challenge-avec-le-soutien-de-la-fta\/#primaryimage"},"thumbnailUrl":"https:\/\/www.tunisiechallenge.com\/wp-content\/uploads\/2022\/03\/federacion-tunecina-del-automovil.jpg","articleSection":["Noticias"],"inLanguage":"fr-FR"},{"@type":"WebPage","@id":"https:\/\/www.tunisiechallenge.com\/fr\/la-tunisie-challenge-avec-le-soutien-de-la-fta\/","url":"https:\/\/www.tunisiechallenge.com\/fr\/la-tunisie-challenge-avec-le-soutien-de-la-fta\/","name":"LA TUNISIE CHALLENGE, AVEC LE SOUTIEN DE LA FTA - Tunisie Challenge","isPartOf":{"@id":"https:\/\/www.tunisiechallenge.com\/fr\/#website"},"primaryImageOfPage":{"@id":"https:\/\/www.tunisiechallenge.com\/fr\/la-tunisie-challenge-avec-le-soutien-de-la-fta\/#primaryimage"},"image":{"@id":"https:\/\/www.tunisiechallenge.com\/fr\/la-tunisie-challenge-avec-le-soutien-de-la-fta\/#primaryimage"},"thumbnailUrl":"https:\/\/www.tunisiechallenge.com\/wp-content\/uploads\/2022\/03\/federacion-tunecina-del-automovil.jpg","datePublished":"2022-03-25T09:06:58+00:00","dateModified":"2022-03-25T09:14:36+00:00","description":"La Federaci\u00f3n Tunecina de Automovilismo ser\u00e1 un socio prioritario en la primera edici\u00f3n de la Tunisie Challenge, que se disputar\u00e1 del 8 al 17 de abril.","breadcrumb":{"@id":"https:\/\/www.tunisiechallenge.com\/fr\/la-tunisie-challenge-avec-le-soutien-de-la-fta\/#breadcrumb"},"inLanguage":"fr-FR","potentialAction":[{"@type":"ReadAction","target":["https:\/\/www.tunisiechallenge.com\/fr\/la-tunisie-challenge-avec-le-soutien-de-la-fta\/"]}]},{"@type":"ImageObject","inLanguage":"fr-FR","@id":"https:\/\/www.tunisiechallenge.com\/fr\/la-tunisie-challenge-avec-le-soutien-de-la-fta\/#primaryimage","url":"https:\/\/www.tunisiechallenge.com\/wp-content\/uploads\/2022\/03\/federacion-tunecina-del-automovil.jpg","contentUrl":"https:\/\/www.tunisiechallenge.com\/wp-content\/uploads\/2022\/03\/federacion-tunecina-del-automovil.jpg","width":1200,"height":675},{"@type":"BreadcrumbList","@id":"https:\/\/www.tunisiechallenge.com\/fr\/la-tunisie-challenge-avec-le-soutien-de-la-fta\/#breadcrumb","itemListElement":[{"@type":"ListItem","position":1,"name":"Portada","item":"https:\/\/www.tunisiechallenge.com\/fr\/"},{"@type":"ListItem","position":2,"name":"LA TUNISIE CHALLENGE, AVEC LE SOUTIEN DE LA FTA"}]},{"@type":"WebSite","@id":"https:\/\/www.tunisiechallenge.com\/fr\/#website","url":"https:\/\/www.tunisiechallenge.com\/fr\/","name":"Tunisie Challenge","description":"Le Dakar des ann\u00e9es 70 pour les aventuriers d\u2019aujourd\u2019hui","publisher":{"@id":"https:\/\/www.tunisiechallenge.com\/fr\/#organization"},"potentialAction":[{"@type":"SearchAction","target":{"@type":"EntryPoint","urlTemplate":"https:\/\/www.tunisiechallenge.com\/fr\/?s={search_term_string}"},"query-input":{"@type":"PropertyValueSpecification","valueRequired":true,"valueName":"search_term_string"}}],"inLanguage":"fr-FR"},{"@type":"Organization","@id":"https:\/\/www.tunisiechallenge.com\/fr\/#organization","name":"TUNISIE CHALLENGE","url":"https:\/\/www.tunisiechallenge.com\/fr\/","logo":{"@type":"ImageObject","inLanguage":"fr-FR","@id":"https:\/\/www.tunisiechallenge.com\/fr\/#\/schema\/logo\/image\/","url":"https:\/\/www.tunisiechallenge.com\/wp-content\/uploads\/2021\/09\/Logo-Tunisie_Challenge.png","contentUrl":"https:\/\/www.tunisiechallenge.com\/wp-content\/uploads\/2021\/09\/Logo-Tunisie_Challenge.png","width":170,"height":96,"caption":"TUNISIE CHALLENGE"},"image":{"@id":"https:\/\/www.tunisiechallenge.com\/fr\/#\/schema\/logo\/image\/"}},{"@type":"Person","@id":"https:\/\/www.tunisiechallenge.com\/fr\/#\/schema\/person\/298a597a188b0019416217b2301b9e10","name":"Rui Caba\u00e7o","image":{"@type":"ImageObject","inLanguage":"fr-FR","@id":"https:\/\/secure.gravatar.com\/avatar\/7ac3f434351cbd7875a5f064f6695a52ab4f6ffeb48c6bffb908c8e6f0e3bf73?s=96&d=mm&r=g","url":"https:\/\/secure.gravatar.com\/avatar\/7ac3f434351cbd7875a5f064f6695a52ab4f6ffeb48c6bffb908c8e6f0e3bf73?s=96&d=mm&r=g","contentUrl":"https:\/\/secure.gravatar.com\/avatar\/7ac3f434351cbd7875a5f064f6695a52ab4f6ffeb48c6bffb908c8e6f0e3bf73?s=96&d=mm&r=g","caption":"Rui Caba\u00e7o"},"url":"https:\/\/www.tunisiechallenge.com\/fr\/author\/ruibri1\/"}]}},"_links":{"self":[{"href":"https:\/\/www.tunisiechallenge.com\/fr\/wp-json\/wp\/v2\/posts\/18824","targetHints":{"allow":["GET"]}}],"collection":[{"href":"https:\/\/www.tunisiechallenge.com\/fr\/wp-json\/wp\/v2\/posts"}],"about":[{"href":"https:\/\/www.tunisiechallenge.com\/fr\/wp-json\/wp\/v2\/types\/post"}],"author":[{"embeddable":true,"href":"https:\/\/www.tunisiechallenge.com\/fr\/wp-json\/wp\/v2\/users\/2"}],"replies":[{"embeddable":true,"href":"https:\/\/www.tunisiechallenge.com\/fr\/wp-json\/wp\/v2\/comments?post=18824"}],"version-history":[{"count":2,"href":"https:\/\/www.tunisiechallenge.com\/fr\/wp-json\/wp\/v2\/posts\/18824\/revisions"}],"predecessor-version":[{"id":18830,"href":"https:\/\/www.tunisiechallenge.com\/fr\/wp-json\/wp\/v2\/posts\/18824\/revisions\/18830"}],"wp:featuredmedia":[{"embeddable":true,"href":"https:\/\/www.tunisiechallenge.com\/fr\/wp-json\/wp\/v2\/media\/18819"}],"wp:attachment":[{"href":"https:\/\/www.tunisiechallenge.com\/fr\/wp-json\/wp\/v2\/media?parent=18824"}],"wp:term":[{"taxonomy":"category","embeddable":true,"href":"https:\/\/www.tunisiechallenge.com\/fr\/wp-json\/wp\/v2\/categories?post=18824"},{"taxonomy":"post_tag","embeddable":true,"href":"https:\/\/www.tunisiechallenge.com\/fr\/wp-json\/wp\/v2\/tags?post=18824"}],"curies":[{"name":"wp","href":"https:\/\/api.w.org\/{rel}","templated":true}]}}