{"id":22358,"date":"2025-02-17T17:02:17","date_gmt":"2025-02-17T17:02:17","guid":{"rendered":"https:\/\/www.tunisiechallenge.com\/un-prologo-abrira-la-tunisie-challenge-2025\/"},"modified":"2025-02-17T17:10:47","modified_gmt":"2025-02-17T17:10:47","slug":"un-prologo-per-dare-il-via-al-tunisie-challenge-2025","status":"publish","type":"post","link":"https:\/\/www.tunisiechallenge.com\/it\/un-prologo-per-dare-il-via-al-tunisie-challenge-2025\/","title":{"rendered":"UN PROLOGO PER DARE IL VIA AL TUNISIE CHALLENGE 2025"},"content":{"rendered":"<h2><img decoding=\"async\" class=\"alignnone wp-image-22350 size-full\" src=\"https:\/\/www.tunisiechallenge.com\/wp-content\/uploads\/2025\/02\/Tunisie-Challenge-17_02.png\" alt=\"\" width=\"1200\" height=\"675\" srcset=\"https:\/\/www.tunisiechallenge.com\/wp-content\/uploads\/2025\/02\/Tunisie-Challenge-17_02-200x113.png 200w, https:\/\/www.tunisiechallenge.com\/wp-content\/uploads\/2025\/02\/Tunisie-Challenge-17_02-300x169.png 300w, https:\/\/www.tunisiechallenge.com\/wp-content\/uploads\/2025\/02\/Tunisie-Challenge-17_02-400x225.png 400w, https:\/\/www.tunisiechallenge.com\/wp-content\/uploads\/2025\/02\/Tunisie-Challenge-17_02-600x338.png 600w, https:\/\/www.tunisiechallenge.com\/wp-content\/uploads\/2025\/02\/Tunisie-Challenge-17_02-768x432.png 768w, https:\/\/www.tunisiechallenge.com\/wp-content\/uploads\/2025\/02\/Tunisie-Challenge-17_02-800x450.png 800w, https:\/\/www.tunisiechallenge.com\/wp-content\/uploads\/2025\/02\/Tunisie-Challenge-17_02-1024x576.png 1024w, https:\/\/www.tunisiechallenge.com\/wp-content\/uploads\/2025\/02\/Tunisie-Challenge-17_02.png 1200w\" sizes=\"(max-width: 1200px) 100vw, 1200px\" \/><\/h2>\n<h2>La quinta edizione del Tunisie Challenge, in programma dall\u20198 al 17 ottobre, inizier\u00e0 con uno spettacolare prologo nei dintorni di Tunisi. Questo tratto, lungo circa 5 chilometri, si svolger\u00e0 venerd\u00ec 10 ottobre sulla spiaggia di Gammarth.<\/h2>\n<p>Con l\u2019obiettivo di continuare a innovare e offrire maggiori incentivi ai partecipanti, il prologo si terr\u00e0 dopo il completamento delle verifiche amministrative e tecniche. Questa iniziativa mira a creare un\u2019atmosfera ancora pi\u00f9 coinvolgente intorno al Tunisie Challenge e ad aumentarne la visibilit\u00e0, facilitando la presenza di autorit\u00e0, appassionati e media locali.<\/p>\n<p>Per la prima volta, la citt\u00e0 di Tunisi sar\u00e0 il punto di partenza della competizione. Dopo lo sbarco, i partecipanti dovranno affrontare le verifiche prima di prendere parte al prologo. Il giorno successivo, sabato 11 ottobre, partir\u00e0 la prima tappa, che attraverser\u00e0 un territorio completamente inedito. In questa giornata, i team viaggeranno da Tunisi a Sousse, passando per la penisola di Capo Bon, un\u2019area caratterizzata dall\u2019alternanza di spiagge e tratti di vegetazione sabbiosa.<\/p>\n<p>Il tempo registrato nel prologo determiner\u00e0 l\u2019ordine di partenza della prima tappa, con i partecipanti suddivisi per categoria. La partecipazione al prologo non sar\u00e0 obbligatoria, ma chi vi prender\u00e0 parte avr\u00e0 la priorit\u00e0 nell\u2019ordine di partenza.<\/p>\n<p>Seguite tutte le novit\u00e0 attraverso i nostri canali social e il sito ufficiale\u2014non perdete neanche un dettaglio! Sono in arrivo altre sorprese che renderanno il Tunisie Challenge 2025 ancora pi\u00f9 emozionante. Inoltre, sul nostro sito troverete tutte le informazioni relative alle iscrizioni.<\/p>\n","protected":false},"excerpt":{"rendered":"<p>La quinta edizione del Tunisie Challenge, in programma dall\u20198 al<\/p>\n","protected":false},"author":2,"featured_media":22353,"comment_status":"closed","ping_status":"closed","sticky":false,"template":"","format":"standard","meta":{"footnotes":""},"categories":[92],"tags":[],"class_list":["post-22358","post","type-post","status-publish","format-standard","has-post-thumbnail","hentry","category-noticias-it"],"yoast_head":"<!-- This site is optimized with the Yoast SEO plugin v27.4 - https:\/\/yoast.com\/product\/yoast-seo-wordpress\/ -->\n<title>UN PROLOGO PER DARE IL VIA AL TUNISIE CHALLENGE 2025 - Tunisie Challenge<\/title>\n<meta name=\"description\" content=\"La quinta edizione del Tunisie Challenge, in programma dall\u20198 al 17 ottobre, inizier\u00e0 con uno spettacolare prologo nei dintorni di Tunisi. Questo tratto, lungo circa 5 chilometri, si svolger\u00e0 venerd\u00ec 10 ottobre sulla spiaggia di Gammarth.\" \/>\n<meta name=\"robots\" content=\"index, follow, max-snippet:-1, max-image-preview:large, max-video-preview:-1\" \/>\n<link rel=\"canonical\" href=\"https:\/\/www.tunisiechallenge.com\/it\/un-prologo-per-dare-il-via-al-tunisie-challenge-2025\/\" \/>\n<meta property=\"og:locale\" content=\"it_IT\" \/>\n<meta property=\"og:type\" content=\"article\" \/>\n<meta property=\"og:title\" content=\"UN PROLOGO PER DARE IL VIA AL TUNISIE CHALLENGE 2025 - Tunisie Challenge\" \/>\n<meta property=\"og:description\" content=\"La quinta edizione del Tunisie Challenge, in programma dall\u20198 al 17 ottobre, inizier\u00e0 con uno spettacolare prologo nei dintorni di Tunisi. Questo tratto, lungo circa 5 chilometri, si svolger\u00e0 venerd\u00ec 10 ottobre sulla spiaggia di Gammarth.\" \/>\n<meta property=\"og:url\" content=\"https:\/\/www.tunisiechallenge.com\/it\/un-prologo-per-dare-il-via-al-tunisie-challenge-2025\/\" \/>\n<meta property=\"og:site_name\" content=\"Tunisie Challenge\" \/>\n<meta property=\"article:published_time\" content=\"2025-02-17T17:02:17+00:00\" \/>\n<meta property=\"article:modified_time\" content=\"2025-02-17T17:10:47+00:00\" \/>\n<meta property=\"og:image\" content=\"https:\/\/www.tunisiechallenge.com\/wp-content\/uploads\/2025\/02\/Tunisie-Challenge-17_02.png\" \/>\n\t<meta property=\"og:image:width\" content=\"1200\" \/>\n\t<meta property=\"og:image:height\" content=\"675\" \/>\n\t<meta property=\"og:image:type\" content=\"image\/png\" \/>\n<meta name=\"author\" content=\"Rui Caba\u00e7o\" \/>\n<meta name=\"twitter:card\" content=\"summary_large_image\" \/>\n<meta name=\"twitter:label1\" content=\"Scritto da\" \/>\n\t<meta name=\"twitter:data1\" content=\"Rui Caba\u00e7o\" \/>\n\t<meta name=\"twitter:label2\" content=\"Tempo di lettura stimato\" \/>\n\t<meta name=\"twitter:data2\" content=\"2 minuti\" \/>\n<script type=\"application\/ld+json\" class=\"yoast-schema-graph\">{\"@context\":\"https:\\\/\\\/schema.org\",\"@graph\":[{\"@type\":\"Article\",\"@id\":\"https:\\\/\\\/www.tunisiechallenge.com\\\/it\\\/un-prologo-per-dare-il-via-al-tunisie-challenge-2025\\\/#article\",\"isPartOf\":{\"@id\":\"https:\\\/\\\/www.tunisiechallenge.com\\\/it\\\/un-prologo-per-dare-il-via-al-tunisie-challenge-2025\\\/\"},\"author\":{\"name\":\"Rui Caba\u00e7o\",\"@id\":\"https:\\\/\\\/www.tunisiechallenge.com\\\/it\\\/#\\\/schema\\\/person\\\/298a597a188b0019416217b2301b9e10\"},\"headline\":\"UN PROLOGO PER DARE IL VIA AL TUNISIE CHALLENGE 2025\",\"datePublished\":\"2025-02-17T17:02:17+00:00\",\"dateModified\":\"2025-02-17T17:10:47+00:00\",\"mainEntityOfPage\":{\"@id\":\"https:\\\/\\\/www.tunisiechallenge.com\\\/it\\\/un-prologo-per-dare-il-via-al-tunisie-challenge-2025\\\/\"},\"wordCount\":249,\"publisher\":{\"@id\":\"https:\\\/\\\/www.tunisiechallenge.com\\\/it\\\/#organization\"},\"image\":{\"@id\":\"https:\\\/\\\/www.tunisiechallenge.com\\\/it\\\/un-prologo-per-dare-il-via-al-tunisie-challenge-2025\\\/#primaryimage\"},\"thumbnailUrl\":\"https:\\\/\\\/www.tunisiechallenge.com\\\/wp-content\\\/uploads\\\/2025\\\/02\\\/Tunisie-Challenge-17_02.png\",\"articleSection\":[\"Noticias\"],\"inLanguage\":\"it-IT\"},{\"@type\":\"WebPage\",\"@id\":\"https:\\\/\\\/www.tunisiechallenge.com\\\/it\\\/un-prologo-per-dare-il-via-al-tunisie-challenge-2025\\\/\",\"url\":\"https:\\\/\\\/www.tunisiechallenge.com\\\/it\\\/un-prologo-per-dare-il-via-al-tunisie-challenge-2025\\\/\",\"name\":\"UN PROLOGO PER DARE IL VIA AL TUNISIE CHALLENGE 2025 - Tunisie Challenge\",\"isPartOf\":{\"@id\":\"https:\\\/\\\/www.tunisiechallenge.com\\\/it\\\/#website\"},\"primaryImageOfPage\":{\"@id\":\"https:\\\/\\\/www.tunisiechallenge.com\\\/it\\\/un-prologo-per-dare-il-via-al-tunisie-challenge-2025\\\/#primaryimage\"},\"image\":{\"@id\":\"https:\\\/\\\/www.tunisiechallenge.com\\\/it\\\/un-prologo-per-dare-il-via-al-tunisie-challenge-2025\\\/#primaryimage\"},\"thumbnailUrl\":\"https:\\\/\\\/www.tunisiechallenge.com\\\/wp-content\\\/uploads\\\/2025\\\/02\\\/Tunisie-Challenge-17_02.png\",\"datePublished\":\"2025-02-17T17:02:17+00:00\",\"dateModified\":\"2025-02-17T17:10:47+00:00\",\"description\":\"La quinta edizione del Tunisie Challenge, in programma dall\u20198 al 17 ottobre, inizier\u00e0 con uno spettacolare prologo nei dintorni di Tunisi. Questo tratto, lungo circa 5 chilometri, si svolger\u00e0 venerd\u00ec 10 ottobre sulla spiaggia di Gammarth.\",\"breadcrumb\":{\"@id\":\"https:\\\/\\\/www.tunisiechallenge.com\\\/it\\\/un-prologo-per-dare-il-via-al-tunisie-challenge-2025\\\/#breadcrumb\"},\"inLanguage\":\"it-IT\",\"potentialAction\":[{\"@type\":\"ReadAction\",\"target\":[\"https:\\\/\\\/www.tunisiechallenge.com\\\/it\\\/un-prologo-per-dare-il-via-al-tunisie-challenge-2025\\\/\"]}]},{\"@type\":\"ImageObject\",\"inLanguage\":\"it-IT\",\"@id\":\"https:\\\/\\\/www.tunisiechallenge.com\\\/it\\\/un-prologo-per-dare-il-via-al-tunisie-challenge-2025\\\/#primaryimage\",\"url\":\"https:\\\/\\\/www.tunisiechallenge.com\\\/wp-content\\\/uploads\\\/2025\\\/02\\\/Tunisie-Challenge-17_02.png\",\"contentUrl\":\"https:\\\/\\\/www.tunisiechallenge.com\\\/wp-content\\\/uploads\\\/2025\\\/02\\\/Tunisie-Challenge-17_02.png\",\"width\":1200,\"height\":675},{\"@type\":\"BreadcrumbList\",\"@id\":\"https:\\\/\\\/www.tunisiechallenge.com\\\/it\\\/un-prologo-per-dare-il-via-al-tunisie-challenge-2025\\\/#breadcrumb\",\"itemListElement\":[{\"@type\":\"ListItem\",\"position\":1,\"name\":\"Portada\",\"item\":\"https:\\\/\\\/www.tunisiechallenge.com\\\/it\\\/\"},{\"@type\":\"ListItem\",\"position\":2,\"name\":\"UN PROLOGO PER DARE IL VIA AL TUNISIE CHALLENGE 2025\"}]},{\"@type\":\"WebSite\",\"@id\":\"https:\\\/\\\/www.tunisiechallenge.com\\\/it\\\/#website\",\"url\":\"https:\\\/\\\/www.tunisiechallenge.com\\\/it\\\/\",\"name\":\"Tunisie Challenge\",\"description\":\"La Dakar degli anni 70 pergli avventurosi di oggi\",\"publisher\":{\"@id\":\"https:\\\/\\\/www.tunisiechallenge.com\\\/it\\\/#organization\"},\"potentialAction\":[{\"@type\":\"SearchAction\",\"target\":{\"@type\":\"EntryPoint\",\"urlTemplate\":\"https:\\\/\\\/www.tunisiechallenge.com\\\/it\\\/?s={search_term_string}\"},\"query-input\":{\"@type\":\"PropertyValueSpecification\",\"valueRequired\":true,\"valueName\":\"search_term_string\"}}],\"inLanguage\":\"it-IT\"},{\"@type\":\"Organization\",\"@id\":\"https:\\\/\\\/www.tunisiechallenge.com\\\/it\\\/#organization\",\"name\":\"TUNISIE CHALLENGE\",\"url\":\"https:\\\/\\\/www.tunisiechallenge.com\\\/it\\\/\",\"logo\":{\"@type\":\"ImageObject\",\"inLanguage\":\"it-IT\",\"@id\":\"https:\\\/\\\/www.tunisiechallenge.com\\\/it\\\/#\\\/schema\\\/logo\\\/image\\\/\",\"url\":\"https:\\\/\\\/www.tunisiechallenge.com\\\/wp-content\\\/uploads\\\/2021\\\/09\\\/Logo-Tunisie_Challenge.png\",\"contentUrl\":\"https:\\\/\\\/www.tunisiechallenge.com\\\/wp-content\\\/uploads\\\/2021\\\/09\\\/Logo-Tunisie_Challenge.png\",\"width\":170,\"height\":96,\"caption\":\"TUNISIE CHALLENGE\"},\"image\":{\"@id\":\"https:\\\/\\\/www.tunisiechallenge.com\\\/it\\\/#\\\/schema\\\/logo\\\/image\\\/\"}},{\"@type\":\"Person\",\"@id\":\"https:\\\/\\\/www.tunisiechallenge.com\\\/it\\\/#\\\/schema\\\/person\\\/298a597a188b0019416217b2301b9e10\",\"name\":\"Rui Caba\u00e7o\",\"image\":{\"@type\":\"ImageObject\",\"inLanguage\":\"it-IT\",\"@id\":\"https:\\\/\\\/secure.gravatar.com\\\/avatar\\\/7ac3f434351cbd7875a5f064f6695a52ab4f6ffeb48c6bffb908c8e6f0e3bf73?s=96&d=mm&r=g\",\"url\":\"https:\\\/\\\/secure.gravatar.com\\\/avatar\\\/7ac3f434351cbd7875a5f064f6695a52ab4f6ffeb48c6bffb908c8e6f0e3bf73?s=96&d=mm&r=g\",\"contentUrl\":\"https:\\\/\\\/secure.gravatar.com\\\/avatar\\\/7ac3f434351cbd7875a5f064f6695a52ab4f6ffeb48c6bffb908c8e6f0e3bf73?s=96&d=mm&r=g\",\"caption\":\"Rui Caba\u00e7o\"},\"url\":\"https:\\\/\\\/www.tunisiechallenge.com\\\/it\\\/author\\\/ruibri1\\\/\"}]}<\/script>\n<!-- \/ Yoast SEO plugin. -->","yoast_head_json":{"title":"UN PROLOGO PER DARE IL VIA AL TUNISIE CHALLENGE 2025 - Tunisie Challenge","description":"La quinta edizione del Tunisie Challenge, in programma dall\u20198 al 17 ottobre, inizier\u00e0 con uno spettacolare prologo nei dintorni di Tunisi. Questo tratto, lungo circa 5 chilometri, si svolger\u00e0 venerd\u00ec 10 ottobre sulla spiaggia di Gammarth.","robots":{"index":"index","follow":"follow","max-snippet":"max-snippet:-1","max-image-preview":"max-image-preview:large","max-video-preview":"max-video-preview:-1"},"canonical":"https:\/\/www.tunisiechallenge.com\/it\/un-prologo-per-dare-il-via-al-tunisie-challenge-2025\/","og_locale":"it_IT","og_type":"article","og_title":"UN PROLOGO PER DARE IL VIA AL TUNISIE CHALLENGE 2025 - Tunisie Challenge","og_description":"La quinta edizione del Tunisie Challenge, in programma dall\u20198 al 17 ottobre, inizier\u00e0 con uno spettacolare prologo nei dintorni di Tunisi. Questo tratto, lungo circa 5 chilometri, si svolger\u00e0 venerd\u00ec 10 ottobre sulla spiaggia di Gammarth.","og_url":"https:\/\/www.tunisiechallenge.com\/it\/un-prologo-per-dare-il-via-al-tunisie-challenge-2025\/","og_site_name":"Tunisie Challenge","article_published_time":"2025-02-17T17:02:17+00:00","article_modified_time":"2025-02-17T17:10:47+00:00","og_image":[{"width":1200,"height":675,"url":"https:\/\/www.tunisiechallenge.com\/wp-content\/uploads\/2025\/02\/Tunisie-Challenge-17_02.png","type":"image\/png"}],"author":"Rui Caba\u00e7o","twitter_card":"summary_large_image","twitter_misc":{"Scritto da":"Rui Caba\u00e7o","Tempo di lettura stimato":"2 minuti"},"schema":{"@context":"https:\/\/schema.org","@graph":[{"@type":"Article","@id":"https:\/\/www.tunisiechallenge.com\/it\/un-prologo-per-dare-il-via-al-tunisie-challenge-2025\/#article","isPartOf":{"@id":"https:\/\/www.tunisiechallenge.com\/it\/un-prologo-per-dare-il-via-al-tunisie-challenge-2025\/"},"author":{"name":"Rui Caba\u00e7o","@id":"https:\/\/www.tunisiechallenge.com\/it\/#\/schema\/person\/298a597a188b0019416217b2301b9e10"},"headline":"UN PROLOGO PER DARE IL VIA AL TUNISIE CHALLENGE 2025","datePublished":"2025-02-17T17:02:17+00:00","dateModified":"2025-02-17T17:10:47+00:00","mainEntityOfPage":{"@id":"https:\/\/www.tunisiechallenge.com\/it\/un-prologo-per-dare-il-via-al-tunisie-challenge-2025\/"},"wordCount":249,"publisher":{"@id":"https:\/\/www.tunisiechallenge.com\/it\/#organization"},"image":{"@id":"https:\/\/www.tunisiechallenge.com\/it\/un-prologo-per-dare-il-via-al-tunisie-challenge-2025\/#primaryimage"},"thumbnailUrl":"https:\/\/www.tunisiechallenge.com\/wp-content\/uploads\/2025\/02\/Tunisie-Challenge-17_02.png","articleSection":["Noticias"],"inLanguage":"it-IT"},{"@type":"WebPage","@id":"https:\/\/www.tunisiechallenge.com\/it\/un-prologo-per-dare-il-via-al-tunisie-challenge-2025\/","url":"https:\/\/www.tunisiechallenge.com\/it\/un-prologo-per-dare-il-via-al-tunisie-challenge-2025\/","name":"UN PROLOGO PER DARE IL VIA AL TUNISIE CHALLENGE 2025 - Tunisie Challenge","isPartOf":{"@id":"https:\/\/www.tunisiechallenge.com\/it\/#website"},"primaryImageOfPage":{"@id":"https:\/\/www.tunisiechallenge.com\/it\/un-prologo-per-dare-il-via-al-tunisie-challenge-2025\/#primaryimage"},"image":{"@id":"https:\/\/www.tunisiechallenge.com\/it\/un-prologo-per-dare-il-via-al-tunisie-challenge-2025\/#primaryimage"},"thumbnailUrl":"https:\/\/www.tunisiechallenge.com\/wp-content\/uploads\/2025\/02\/Tunisie-Challenge-17_02.png","datePublished":"2025-02-17T17:02:17+00:00","dateModified":"2025-02-17T17:10:47+00:00","description":"La quinta edizione del Tunisie Challenge, in programma dall\u20198 al 17 ottobre, inizier\u00e0 con uno spettacolare prologo nei dintorni di Tunisi. Questo tratto, lungo circa 5 chilometri, si svolger\u00e0 venerd\u00ec 10 ottobre sulla spiaggia di Gammarth.","breadcrumb":{"@id":"https:\/\/www.tunisiechallenge.com\/it\/un-prologo-per-dare-il-via-al-tunisie-challenge-2025\/#breadcrumb"},"inLanguage":"it-IT","potentialAction":[{"@type":"ReadAction","target":["https:\/\/www.tunisiechallenge.com\/it\/un-prologo-per-dare-il-via-al-tunisie-challenge-2025\/"]}]},{"@type":"ImageObject","inLanguage":"it-IT","@id":"https:\/\/www.tunisiechallenge.com\/it\/un-prologo-per-dare-il-via-al-tunisie-challenge-2025\/#primaryimage","url":"https:\/\/www.tunisiechallenge.com\/wp-content\/uploads\/2025\/02\/Tunisie-Challenge-17_02.png","contentUrl":"https:\/\/www.tunisiechallenge.com\/wp-content\/uploads\/2025\/02\/Tunisie-Challenge-17_02.png","width":1200,"height":675},{"@type":"BreadcrumbList","@id":"https:\/\/www.tunisiechallenge.com\/it\/un-prologo-per-dare-il-via-al-tunisie-challenge-2025\/#breadcrumb","itemListElement":[{"@type":"ListItem","position":1,"name":"Portada","item":"https:\/\/www.tunisiechallenge.com\/it\/"},{"@type":"ListItem","position":2,"name":"UN PROLOGO PER DARE IL VIA AL TUNISIE CHALLENGE 2025"}]},{"@type":"WebSite","@id":"https:\/\/www.tunisiechallenge.com\/it\/#website","url":"https:\/\/www.tunisiechallenge.com\/it\/","name":"Tunisie Challenge","description":"La Dakar degli anni 70 pergli avventurosi di oggi","publisher":{"@id":"https:\/\/www.tunisiechallenge.com\/it\/#organization"},"potentialAction":[{"@type":"SearchAction","target":{"@type":"EntryPoint","urlTemplate":"https:\/\/www.tunisiechallenge.com\/it\/?s={search_term_string}"},"query-input":{"@type":"PropertyValueSpecification","valueRequired":true,"valueName":"search_term_string"}}],"inLanguage":"it-IT"},{"@type":"Organization","@id":"https:\/\/www.tunisiechallenge.com\/it\/#organization","name":"TUNISIE CHALLENGE","url":"https:\/\/www.tunisiechallenge.com\/it\/","logo":{"@type":"ImageObject","inLanguage":"it-IT","@id":"https:\/\/www.tunisiechallenge.com\/it\/#\/schema\/logo\/image\/","url":"https:\/\/www.tunisiechallenge.com\/wp-content\/uploads\/2021\/09\/Logo-Tunisie_Challenge.png","contentUrl":"https:\/\/www.tunisiechallenge.com\/wp-content\/uploads\/2021\/09\/Logo-Tunisie_Challenge.png","width":170,"height":96,"caption":"TUNISIE CHALLENGE"},"image":{"@id":"https:\/\/www.tunisiechallenge.com\/it\/#\/schema\/logo\/image\/"}},{"@type":"Person","@id":"https:\/\/www.tunisiechallenge.com\/it\/#\/schema\/person\/298a597a188b0019416217b2301b9e10","name":"Rui Caba\u00e7o","image":{"@type":"ImageObject","inLanguage":"it-IT","@id":"https:\/\/secure.gravatar.com\/avatar\/7ac3f434351cbd7875a5f064f6695a52ab4f6ffeb48c6bffb908c8e6f0e3bf73?s=96&d=mm&r=g","url":"https:\/\/secure.gravatar.com\/avatar\/7ac3f434351cbd7875a5f064f6695a52ab4f6ffeb48c6bffb908c8e6f0e3bf73?s=96&d=mm&r=g","contentUrl":"https:\/\/secure.gravatar.com\/avatar\/7ac3f434351cbd7875a5f064f6695a52ab4f6ffeb48c6bffb908c8e6f0e3bf73?s=96&d=mm&r=g","caption":"Rui Caba\u00e7o"},"url":"https:\/\/www.tunisiechallenge.com\/it\/author\/ruibri1\/"}]}},"_links":{"self":[{"href":"https:\/\/www.tunisiechallenge.com\/it\/wp-json\/wp\/v2\/posts\/22358","targetHints":{"allow":["GET"]}}],"collection":[{"href":"https:\/\/www.tunisiechallenge.com\/it\/wp-json\/wp\/v2\/posts"}],"about":[{"href":"https:\/\/www.tunisiechallenge.com\/it\/wp-json\/wp\/v2\/types\/post"}],"author":[{"embeddable":true,"href":"https:\/\/www.tunisiechallenge.com\/it\/wp-json\/wp\/v2\/users\/2"}],"replies":[{"embeddable":true,"href":"https:\/\/www.tunisiechallenge.com\/it\/wp-json\/wp\/v2\/comments?post=22358"}],"version-history":[{"count":2,"href":"https:\/\/www.tunisiechallenge.com\/it\/wp-json\/wp\/v2\/posts\/22358\/revisions"}],"predecessor-version":[{"id":22365,"href":"https:\/\/www.tunisiechallenge.com\/it\/wp-json\/wp\/v2\/posts\/22358\/revisions\/22365"}],"wp:featuredmedia":[{"embeddable":true,"href":"https:\/\/www.tunisiechallenge.com\/it\/wp-json\/wp\/v2\/media\/22353"}],"wp:attachment":[{"href":"https:\/\/www.tunisiechallenge.com\/it\/wp-json\/wp\/v2\/media?parent=22358"}],"wp:term":[{"taxonomy":"category","embeddable":true,"href":"https:\/\/www.tunisiechallenge.com\/it\/wp-json\/wp\/v2\/categories?post=22358"},{"taxonomy":"post_tag","embeddable":true,"href":"https:\/\/www.tunisiechallenge.com\/it\/wp-json\/wp\/v2\/tags?post=22358"}],"curies":[{"name":"wp","href":"https:\/\/api.w.org\/{rel}","templated":true}]}}