{"id":18826,"date":"2022-03-25T09:06:58","date_gmt":"2022-03-25T09:06:58","guid":{"rendered":"https:\/\/www.tunisiechallenge.com\/la-tunisie-challenge-con-el-apoyo-de-la-fta\/"},"modified":"2022-03-25T09:21:09","modified_gmt":"2022-03-25T09:21:09","slug":"a-tunisie-challenge-com-o-apoio-da-fta","status":"publish","type":"post","link":"https:\/\/www.tunisiechallenge.com\/pt-pt\/a-tunisie-challenge-com-o-apoio-da-fta\/","title":{"rendered":"A TUNISIE CHALLENGE, COM O APOIO DA FTA"},"content":{"rendered":"<h2><img decoding=\"async\" class=\"alignnone size-full wp-image-18821\" src=\"https:\/\/www.tunisiechallenge.com\/wp-content\/uploads\/2022\/03\/federacion-tunecina-del-automovil.jpg\" alt=\"\" width=\"1200\" height=\"675\" srcset=\"https:\/\/www.tunisiechallenge.com\/wp-content\/uploads\/2022\/03\/federacion-tunecina-del-automovil-200x113.jpg 200w, https:\/\/www.tunisiechallenge.com\/wp-content\/uploads\/2022\/03\/federacion-tunecina-del-automovil-300x169.jpg 300w, https:\/\/www.tunisiechallenge.com\/wp-content\/uploads\/2022\/03\/federacion-tunecina-del-automovil-400x225.jpg 400w, https:\/\/www.tunisiechallenge.com\/wp-content\/uploads\/2022\/03\/federacion-tunecina-del-automovil-600x338.jpg 600w, https:\/\/www.tunisiechallenge.com\/wp-content\/uploads\/2022\/03\/federacion-tunecina-del-automovil-768x432.jpg 768w, https:\/\/www.tunisiechallenge.com\/wp-content\/uploads\/2022\/03\/federacion-tunecina-del-automovil-800x450.jpg 800w, https:\/\/www.tunisiechallenge.com\/wp-content\/uploads\/2022\/03\/federacion-tunecina-del-automovil-1024x576.jpg 1024w, https:\/\/www.tunisiechallenge.com\/wp-content\/uploads\/2022\/03\/federacion-tunecina-del-automovil.jpg 1200w\" sizes=\"(max-width: 1200px) 100vw, 1200px\" \/><\/h2>\n<h2>A Federa\u00e7\u00e3o Tunisina de Automobilismo ser\u00e1 o parceiro priorit\u00e1rio da primeira edi\u00e7\u00e3o da Tunisie Challenge, que se disputar\u00e1 de 8 l 17 de abril.<\/h2>\n<p>A colabora\u00e7\u00e3o come\u00e7ou quando realizamos os primeiros reconhecimentos, e os contactos com o seu presidente Hatem Ben Youssef, foram cada vez mais pr\u00f3ximos ate se fechar um acordo que pensamos ser muito proveitoso.<\/p>\n<p>A Federa\u00e7\u00e3o Tunesina de Automobilismo se encarregar\u00e1 de coordenar os diferentes departamentos que implicam o normal funcionamento da Tunisie Challenge Spring Edition \u2013Alfandegas, Turismo, Seguran\u00e7a e Pol\u00edcia e os comiss\u00e1rios nos acompanhar\u00e3o durante todo o evento. Desde o desembarque no porto de Cartago pr\u00f3ximo de Tunes, ate que a prova finalize na ilha de Djerba. O seu prop\u00f3sito \u00e9 ajudar no necess\u00e1rio para que tudo decorra com normalidade e que tenhamos as maiores facilidades nesta nova aventura que esta a ponto de come\u00e7ar.<\/p>\n","protected":false},"excerpt":{"rendered":"<p>A Federa\u00e7\u00e3o Tunisina de Automobilismo ser\u00e1 o parceiro priorit\u00e1rio da<\/p>\n","protected":false},"author":2,"featured_media":18821,"comment_status":"closed","ping_status":"closed","sticky":false,"template":"","format":"standard","meta":{"footnotes":""},"categories":[93],"tags":[],"class_list":["post-18826","post","type-post","status-publish","format-standard","has-post-thumbnail","hentry","category-noticias-pt-pt"],"yoast_head":"<!-- This site is optimized with the Yoast SEO plugin v27.4 - https:\/\/yoast.com\/product\/yoast-seo-wordpress\/ -->\n<title>A TUNISIE CHALLENGE, COM O APOIO DA FTA - Tunisie Challenge<\/title>\n<meta name=\"description\" content=\"A Federa\u00e7\u00e3o Tunisina de Automobilismo ser\u00e1 o parceiro priorit\u00e1rio da primeira edi\u00e7\u00e3o da Tunisie Challenge, que se disputar\u00e1 de 8 l 17 de abril.\" \/>\n<meta name=\"robots\" content=\"index, follow, max-snippet:-1, max-image-preview:large, max-video-preview:-1\" \/>\n<link rel=\"canonical\" href=\"https:\/\/www.tunisiechallenge.com\/pt-pt\/a-tunisie-challenge-com-o-apoio-da-fta\/\" \/>\n<meta property=\"og:locale\" content=\"pt_PT\" \/>\n<meta property=\"og:type\" content=\"article\" \/>\n<meta property=\"og:title\" content=\"A TUNISIE CHALLENGE, COM O APOIO DA FTA - Tunisie Challenge\" \/>\n<meta property=\"og:description\" content=\"A Federa\u00e7\u00e3o Tunisina de Automobilismo ser\u00e1 o parceiro priorit\u00e1rio da primeira edi\u00e7\u00e3o da Tunisie Challenge, que se disputar\u00e1 de 8 l 17 de abril.\" \/>\n<meta property=\"og:url\" content=\"https:\/\/www.tunisiechallenge.com\/pt-pt\/a-tunisie-challenge-com-o-apoio-da-fta\/\" \/>\n<meta property=\"og:site_name\" content=\"Tunisie Challenge\" \/>\n<meta property=\"article:published_time\" content=\"2022-03-25T09:06:58+00:00\" \/>\n<meta property=\"article:modified_time\" content=\"2022-03-25T09:21:09+00:00\" \/>\n<meta property=\"og:image\" content=\"https:\/\/www.tunisiechallenge.com\/wp-content\/uploads\/2022\/03\/federacion-tunecina-del-automovil.jpg\" \/>\n\t<meta property=\"og:image:width\" content=\"1200\" \/>\n\t<meta property=\"og:image:height\" content=\"675\" \/>\n\t<meta property=\"og:image:type\" content=\"image\/jpeg\" \/>\n<meta name=\"author\" content=\"Rui Caba\u00e7o\" \/>\n<meta name=\"twitter:card\" content=\"summary_large_image\" \/>\n<meta name=\"twitter:label1\" content=\"Escrito por\" \/>\n\t<meta name=\"twitter:data1\" content=\"Rui Caba\u00e7o\" \/>\n\t<meta name=\"twitter:label2\" content=\"Tempo estimado de leitura\" \/>\n\t<meta name=\"twitter:data2\" content=\"1 minuto\" \/>\n<script type=\"application\/ld+json\" class=\"yoast-schema-graph\">{\"@context\":\"https:\\\/\\\/schema.org\",\"@graph\":[{\"@type\":\"Article\",\"@id\":\"https:\\\/\\\/www.tunisiechallenge.com\\\/pt-pt\\\/a-tunisie-challenge-com-o-apoio-da-fta\\\/#article\",\"isPartOf\":{\"@id\":\"https:\\\/\\\/www.tunisiechallenge.com\\\/pt-pt\\\/a-tunisie-challenge-com-o-apoio-da-fta\\\/\"},\"author\":{\"name\":\"Rui Caba\u00e7o\",\"@id\":\"https:\\\/\\\/www.tunisiechallenge.com\\\/pt-pt\\\/#\\\/schema\\\/person\\\/298a597a188b0019416217b2301b9e10\"},\"headline\":\"A TUNISIE CHALLENGE, COM O APOIO DA FTA\",\"datePublished\":\"2022-03-25T09:06:58+00:00\",\"dateModified\":\"2022-03-25T09:21:09+00:00\",\"mainEntityOfPage\":{\"@id\":\"https:\\\/\\\/www.tunisiechallenge.com\\\/pt-pt\\\/a-tunisie-challenge-com-o-apoio-da-fta\\\/\"},\"wordCount\":160,\"publisher\":{\"@id\":\"https:\\\/\\\/www.tunisiechallenge.com\\\/pt-pt\\\/#organization\"},\"image\":{\"@id\":\"https:\\\/\\\/www.tunisiechallenge.com\\\/pt-pt\\\/a-tunisie-challenge-com-o-apoio-da-fta\\\/#primaryimage\"},\"thumbnailUrl\":\"https:\\\/\\\/www.tunisiechallenge.com\\\/wp-content\\\/uploads\\\/2022\\\/03\\\/federacion-tunecina-del-automovil.jpg\",\"articleSection\":[\"Noticias\"],\"inLanguage\":\"pt-PT\"},{\"@type\":\"WebPage\",\"@id\":\"https:\\\/\\\/www.tunisiechallenge.com\\\/pt-pt\\\/a-tunisie-challenge-com-o-apoio-da-fta\\\/\",\"url\":\"https:\\\/\\\/www.tunisiechallenge.com\\\/pt-pt\\\/a-tunisie-challenge-com-o-apoio-da-fta\\\/\",\"name\":\"A TUNISIE CHALLENGE, COM O APOIO DA FTA - Tunisie Challenge\",\"isPartOf\":{\"@id\":\"https:\\\/\\\/www.tunisiechallenge.com\\\/pt-pt\\\/#website\"},\"primaryImageOfPage\":{\"@id\":\"https:\\\/\\\/www.tunisiechallenge.com\\\/pt-pt\\\/a-tunisie-challenge-com-o-apoio-da-fta\\\/#primaryimage\"},\"image\":{\"@id\":\"https:\\\/\\\/www.tunisiechallenge.com\\\/pt-pt\\\/a-tunisie-challenge-com-o-apoio-da-fta\\\/#primaryimage\"},\"thumbnailUrl\":\"https:\\\/\\\/www.tunisiechallenge.com\\\/wp-content\\\/uploads\\\/2022\\\/03\\\/federacion-tunecina-del-automovil.jpg\",\"datePublished\":\"2022-03-25T09:06:58+00:00\",\"dateModified\":\"2022-03-25T09:21:09+00:00\",\"description\":\"A Federa\u00e7\u00e3o Tunisina de Automobilismo ser\u00e1 o parceiro priorit\u00e1rio da primeira edi\u00e7\u00e3o da Tunisie Challenge, que se disputar\u00e1 de 8 l 17 de abril.\",\"breadcrumb\":{\"@id\":\"https:\\\/\\\/www.tunisiechallenge.com\\\/pt-pt\\\/a-tunisie-challenge-com-o-apoio-da-fta\\\/#breadcrumb\"},\"inLanguage\":\"pt-PT\",\"potentialAction\":[{\"@type\":\"ReadAction\",\"target\":[\"https:\\\/\\\/www.tunisiechallenge.com\\\/pt-pt\\\/a-tunisie-challenge-com-o-apoio-da-fta\\\/\"]}]},{\"@type\":\"ImageObject\",\"inLanguage\":\"pt-PT\",\"@id\":\"https:\\\/\\\/www.tunisiechallenge.com\\\/pt-pt\\\/a-tunisie-challenge-com-o-apoio-da-fta\\\/#primaryimage\",\"url\":\"https:\\\/\\\/www.tunisiechallenge.com\\\/wp-content\\\/uploads\\\/2022\\\/03\\\/federacion-tunecina-del-automovil.jpg\",\"contentUrl\":\"https:\\\/\\\/www.tunisiechallenge.com\\\/wp-content\\\/uploads\\\/2022\\\/03\\\/federacion-tunecina-del-automovil.jpg\",\"width\":1200,\"height\":675},{\"@type\":\"BreadcrumbList\",\"@id\":\"https:\\\/\\\/www.tunisiechallenge.com\\\/pt-pt\\\/a-tunisie-challenge-com-o-apoio-da-fta\\\/#breadcrumb\",\"itemListElement\":[{\"@type\":\"ListItem\",\"position\":1,\"name\":\"Portada\",\"item\":\"https:\\\/\\\/www.tunisiechallenge.com\\\/pt-pt\\\/\"},{\"@type\":\"ListItem\",\"position\":2,\"name\":\"A TUNISIE CHALLENGE, COM O APOIO DA FTA\"}]},{\"@type\":\"WebSite\",\"@id\":\"https:\\\/\\\/www.tunisiechallenge.com\\\/pt-pt\\\/#website\",\"url\":\"https:\\\/\\\/www.tunisiechallenge.com\\\/pt-pt\\\/\",\"name\":\"Tunisie Challenge\",\"description\":\"O Dakar dos anos 70 para os aventureiros de hoje\",\"publisher\":{\"@id\":\"https:\\\/\\\/www.tunisiechallenge.com\\\/pt-pt\\\/#organization\"},\"potentialAction\":[{\"@type\":\"SearchAction\",\"target\":{\"@type\":\"EntryPoint\",\"urlTemplate\":\"https:\\\/\\\/www.tunisiechallenge.com\\\/pt-pt\\\/?s={search_term_string}\"},\"query-input\":{\"@type\":\"PropertyValueSpecification\",\"valueRequired\":true,\"valueName\":\"search_term_string\"}}],\"inLanguage\":\"pt-PT\"},{\"@type\":\"Organization\",\"@id\":\"https:\\\/\\\/www.tunisiechallenge.com\\\/pt-pt\\\/#organization\",\"name\":\"TUNISIE CHALLENGE\",\"url\":\"https:\\\/\\\/www.tunisiechallenge.com\\\/pt-pt\\\/\",\"logo\":{\"@type\":\"ImageObject\",\"inLanguage\":\"pt-PT\",\"@id\":\"https:\\\/\\\/www.tunisiechallenge.com\\\/pt-pt\\\/#\\\/schema\\\/logo\\\/image\\\/\",\"url\":\"https:\\\/\\\/www.tunisiechallenge.com\\\/wp-content\\\/uploads\\\/2021\\\/09\\\/Logo-Tunisie_Challenge.png\",\"contentUrl\":\"https:\\\/\\\/www.tunisiechallenge.com\\\/wp-content\\\/uploads\\\/2021\\\/09\\\/Logo-Tunisie_Challenge.png\",\"width\":170,\"height\":96,\"caption\":\"TUNISIE CHALLENGE\"},\"image\":{\"@id\":\"https:\\\/\\\/www.tunisiechallenge.com\\\/pt-pt\\\/#\\\/schema\\\/logo\\\/image\\\/\"}},{\"@type\":\"Person\",\"@id\":\"https:\\\/\\\/www.tunisiechallenge.com\\\/pt-pt\\\/#\\\/schema\\\/person\\\/298a597a188b0019416217b2301b9e10\",\"name\":\"Rui Caba\u00e7o\",\"image\":{\"@type\":\"ImageObject\",\"inLanguage\":\"pt-PT\",\"@id\":\"https:\\\/\\\/secure.gravatar.com\\\/avatar\\\/7ac3f434351cbd7875a5f064f6695a52ab4f6ffeb48c6bffb908c8e6f0e3bf73?s=96&d=mm&r=g\",\"url\":\"https:\\\/\\\/secure.gravatar.com\\\/avatar\\\/7ac3f434351cbd7875a5f064f6695a52ab4f6ffeb48c6bffb908c8e6f0e3bf73?s=96&d=mm&r=g\",\"contentUrl\":\"https:\\\/\\\/secure.gravatar.com\\\/avatar\\\/7ac3f434351cbd7875a5f064f6695a52ab4f6ffeb48c6bffb908c8e6f0e3bf73?s=96&d=mm&r=g\",\"caption\":\"Rui Caba\u00e7o\"},\"url\":\"https:\\\/\\\/www.tunisiechallenge.com\\\/pt-pt\\\/author\\\/ruibri1\\\/\"}]}<\/script>\n<!-- \/ Yoast SEO plugin. -->","yoast_head_json":{"title":"A TUNISIE CHALLENGE, COM O APOIO DA FTA - Tunisie Challenge","description":"A Federa\u00e7\u00e3o Tunisina de Automobilismo ser\u00e1 o parceiro priorit\u00e1rio da primeira edi\u00e7\u00e3o da Tunisie Challenge, que se disputar\u00e1 de 8 l 17 de abril.","robots":{"index":"index","follow":"follow","max-snippet":"max-snippet:-1","max-image-preview":"max-image-preview:large","max-video-preview":"max-video-preview:-1"},"canonical":"https:\/\/www.tunisiechallenge.com\/pt-pt\/a-tunisie-challenge-com-o-apoio-da-fta\/","og_locale":"pt_PT","og_type":"article","og_title":"A TUNISIE CHALLENGE, COM O APOIO DA FTA - Tunisie Challenge","og_description":"A Federa\u00e7\u00e3o Tunisina de Automobilismo ser\u00e1 o parceiro priorit\u00e1rio da primeira edi\u00e7\u00e3o da Tunisie Challenge, que se disputar\u00e1 de 8 l 17 de abril.","og_url":"https:\/\/www.tunisiechallenge.com\/pt-pt\/a-tunisie-challenge-com-o-apoio-da-fta\/","og_site_name":"Tunisie Challenge","article_published_time":"2022-03-25T09:06:58+00:00","article_modified_time":"2022-03-25T09:21:09+00:00","og_image":[{"width":1200,"height":675,"url":"https:\/\/www.tunisiechallenge.com\/wp-content\/uploads\/2022\/03\/federacion-tunecina-del-automovil.jpg","type":"image\/jpeg"}],"author":"Rui Caba\u00e7o","twitter_card":"summary_large_image","twitter_misc":{"Escrito por":"Rui Caba\u00e7o","Tempo estimado de leitura":"1 minuto"},"schema":{"@context":"https:\/\/schema.org","@graph":[{"@type":"Article","@id":"https:\/\/www.tunisiechallenge.com\/pt-pt\/a-tunisie-challenge-com-o-apoio-da-fta\/#article","isPartOf":{"@id":"https:\/\/www.tunisiechallenge.com\/pt-pt\/a-tunisie-challenge-com-o-apoio-da-fta\/"},"author":{"name":"Rui Caba\u00e7o","@id":"https:\/\/www.tunisiechallenge.com\/pt-pt\/#\/schema\/person\/298a597a188b0019416217b2301b9e10"},"headline":"A TUNISIE CHALLENGE, COM O APOIO DA FTA","datePublished":"2022-03-25T09:06:58+00:00","dateModified":"2022-03-25T09:21:09+00:00","mainEntityOfPage":{"@id":"https:\/\/www.tunisiechallenge.com\/pt-pt\/a-tunisie-challenge-com-o-apoio-da-fta\/"},"wordCount":160,"publisher":{"@id":"https:\/\/www.tunisiechallenge.com\/pt-pt\/#organization"},"image":{"@id":"https:\/\/www.tunisiechallenge.com\/pt-pt\/a-tunisie-challenge-com-o-apoio-da-fta\/#primaryimage"},"thumbnailUrl":"https:\/\/www.tunisiechallenge.com\/wp-content\/uploads\/2022\/03\/federacion-tunecina-del-automovil.jpg","articleSection":["Noticias"],"inLanguage":"pt-PT"},{"@type":"WebPage","@id":"https:\/\/www.tunisiechallenge.com\/pt-pt\/a-tunisie-challenge-com-o-apoio-da-fta\/","url":"https:\/\/www.tunisiechallenge.com\/pt-pt\/a-tunisie-challenge-com-o-apoio-da-fta\/","name":"A TUNISIE CHALLENGE, COM O APOIO DA FTA - Tunisie Challenge","isPartOf":{"@id":"https:\/\/www.tunisiechallenge.com\/pt-pt\/#website"},"primaryImageOfPage":{"@id":"https:\/\/www.tunisiechallenge.com\/pt-pt\/a-tunisie-challenge-com-o-apoio-da-fta\/#primaryimage"},"image":{"@id":"https:\/\/www.tunisiechallenge.com\/pt-pt\/a-tunisie-challenge-com-o-apoio-da-fta\/#primaryimage"},"thumbnailUrl":"https:\/\/www.tunisiechallenge.com\/wp-content\/uploads\/2022\/03\/federacion-tunecina-del-automovil.jpg","datePublished":"2022-03-25T09:06:58+00:00","dateModified":"2022-03-25T09:21:09+00:00","description":"A Federa\u00e7\u00e3o Tunisina de Automobilismo ser\u00e1 o parceiro priorit\u00e1rio da primeira edi\u00e7\u00e3o da Tunisie Challenge, que se disputar\u00e1 de 8 l 17 de abril.","breadcrumb":{"@id":"https:\/\/www.tunisiechallenge.com\/pt-pt\/a-tunisie-challenge-com-o-apoio-da-fta\/#breadcrumb"},"inLanguage":"pt-PT","potentialAction":[{"@type":"ReadAction","target":["https:\/\/www.tunisiechallenge.com\/pt-pt\/a-tunisie-challenge-com-o-apoio-da-fta\/"]}]},{"@type":"ImageObject","inLanguage":"pt-PT","@id":"https:\/\/www.tunisiechallenge.com\/pt-pt\/a-tunisie-challenge-com-o-apoio-da-fta\/#primaryimage","url":"https:\/\/www.tunisiechallenge.com\/wp-content\/uploads\/2022\/03\/federacion-tunecina-del-automovil.jpg","contentUrl":"https:\/\/www.tunisiechallenge.com\/wp-content\/uploads\/2022\/03\/federacion-tunecina-del-automovil.jpg","width":1200,"height":675},{"@type":"BreadcrumbList","@id":"https:\/\/www.tunisiechallenge.com\/pt-pt\/a-tunisie-challenge-com-o-apoio-da-fta\/#breadcrumb","itemListElement":[{"@type":"ListItem","position":1,"name":"Portada","item":"https:\/\/www.tunisiechallenge.com\/pt-pt\/"},{"@type":"ListItem","position":2,"name":"A TUNISIE CHALLENGE, COM O APOIO DA FTA"}]},{"@type":"WebSite","@id":"https:\/\/www.tunisiechallenge.com\/pt-pt\/#website","url":"https:\/\/www.tunisiechallenge.com\/pt-pt\/","name":"Tunisie Challenge","description":"O Dakar dos anos 70 para os aventureiros de hoje","publisher":{"@id":"https:\/\/www.tunisiechallenge.com\/pt-pt\/#organization"},"potentialAction":[{"@type":"SearchAction","target":{"@type":"EntryPoint","urlTemplate":"https:\/\/www.tunisiechallenge.com\/pt-pt\/?s={search_term_string}"},"query-input":{"@type":"PropertyValueSpecification","valueRequired":true,"valueName":"search_term_string"}}],"inLanguage":"pt-PT"},{"@type":"Organization","@id":"https:\/\/www.tunisiechallenge.com\/pt-pt\/#organization","name":"TUNISIE CHALLENGE","url":"https:\/\/www.tunisiechallenge.com\/pt-pt\/","logo":{"@type":"ImageObject","inLanguage":"pt-PT","@id":"https:\/\/www.tunisiechallenge.com\/pt-pt\/#\/schema\/logo\/image\/","url":"https:\/\/www.tunisiechallenge.com\/wp-content\/uploads\/2021\/09\/Logo-Tunisie_Challenge.png","contentUrl":"https:\/\/www.tunisiechallenge.com\/wp-content\/uploads\/2021\/09\/Logo-Tunisie_Challenge.png","width":170,"height":96,"caption":"TUNISIE CHALLENGE"},"image":{"@id":"https:\/\/www.tunisiechallenge.com\/pt-pt\/#\/schema\/logo\/image\/"}},{"@type":"Person","@id":"https:\/\/www.tunisiechallenge.com\/pt-pt\/#\/schema\/person\/298a597a188b0019416217b2301b9e10","name":"Rui Caba\u00e7o","image":{"@type":"ImageObject","inLanguage":"pt-PT","@id":"https:\/\/secure.gravatar.com\/avatar\/7ac3f434351cbd7875a5f064f6695a52ab4f6ffeb48c6bffb908c8e6f0e3bf73?s=96&d=mm&r=g","url":"https:\/\/secure.gravatar.com\/avatar\/7ac3f434351cbd7875a5f064f6695a52ab4f6ffeb48c6bffb908c8e6f0e3bf73?s=96&d=mm&r=g","contentUrl":"https:\/\/secure.gravatar.com\/avatar\/7ac3f434351cbd7875a5f064f6695a52ab4f6ffeb48c6bffb908c8e6f0e3bf73?s=96&d=mm&r=g","caption":"Rui Caba\u00e7o"},"url":"https:\/\/www.tunisiechallenge.com\/pt-pt\/author\/ruibri1\/"}]}},"_links":{"self":[{"href":"https:\/\/www.tunisiechallenge.com\/pt-pt\/wp-json\/wp\/v2\/posts\/18826","targetHints":{"allow":["GET"]}}],"collection":[{"href":"https:\/\/www.tunisiechallenge.com\/pt-pt\/wp-json\/wp\/v2\/posts"}],"about":[{"href":"https:\/\/www.tunisiechallenge.com\/pt-pt\/wp-json\/wp\/v2\/types\/post"}],"author":[{"embeddable":true,"href":"https:\/\/www.tunisiechallenge.com\/pt-pt\/wp-json\/wp\/v2\/users\/2"}],"replies":[{"embeddable":true,"href":"https:\/\/www.tunisiechallenge.com\/pt-pt\/wp-json\/wp\/v2\/comments?post=18826"}],"version-history":[{"count":2,"href":"https:\/\/www.tunisiechallenge.com\/pt-pt\/wp-json\/wp\/v2\/posts\/18826\/revisions"}],"predecessor-version":[{"id":18834,"href":"https:\/\/www.tunisiechallenge.com\/pt-pt\/wp-json\/wp\/v2\/posts\/18826\/revisions\/18834"}],"wp:featuredmedia":[{"embeddable":true,"href":"https:\/\/www.tunisiechallenge.com\/pt-pt\/wp-json\/wp\/v2\/media\/18821"}],"wp:attachment":[{"href":"https:\/\/www.tunisiechallenge.com\/pt-pt\/wp-json\/wp\/v2\/media?parent=18826"}],"wp:term":[{"taxonomy":"category","embeddable":true,"href":"https:\/\/www.tunisiechallenge.com\/pt-pt\/wp-json\/wp\/v2\/categories?post=18826"},{"taxonomy":"post_tag","embeddable":true,"href":"https:\/\/www.tunisiechallenge.com\/pt-pt\/wp-json\/wp\/v2\/tags?post=18826"}],"curies":[{"name":"wp","href":"https:\/\/api.w.org\/{rel}","templated":true}]}}