{"id":22359,"date":"2025-02-17T17:02:17","date_gmt":"2025-02-17T17:02:17","guid":{"rendered":"https:\/\/www.tunisiechallenge.com\/un-prologo-abrira-la-tunisie-challenge-2025\/"},"modified":"2025-02-17T17:18:59","modified_gmt":"2025-02-17T17:18:59","slug":"um-prologo-para-dar-inicio-ao-tunisie-challenge-2025","status":"publish","type":"post","link":"https:\/\/www.tunisiechallenge.com\/pt-pt\/um-prologo-para-dar-inicio-ao-tunisie-challenge-2025\/","title":{"rendered":"UM PR\u00d3LOGO PARA DAR IN\u00cdCIO AO TUNISIE CHALLENGE 2025"},"content":{"rendered":"<h2><img decoding=\"async\" class=\"alignnone wp-image-22350 size-full\" src=\"https:\/\/www.tunisiechallenge.com\/wp-content\/uploads\/2025\/02\/Tunisie-Challenge-17_02.png\" alt=\"\" width=\"1200\" height=\"675\" srcset=\"https:\/\/www.tunisiechallenge.com\/wp-content\/uploads\/2025\/02\/Tunisie-Challenge-17_02-200x113.png 200w, https:\/\/www.tunisiechallenge.com\/wp-content\/uploads\/2025\/02\/Tunisie-Challenge-17_02-300x169.png 300w, https:\/\/www.tunisiechallenge.com\/wp-content\/uploads\/2025\/02\/Tunisie-Challenge-17_02-400x225.png 400w, https:\/\/www.tunisiechallenge.com\/wp-content\/uploads\/2025\/02\/Tunisie-Challenge-17_02-600x338.png 600w, https:\/\/www.tunisiechallenge.com\/wp-content\/uploads\/2025\/02\/Tunisie-Challenge-17_02-768x432.png 768w, https:\/\/www.tunisiechallenge.com\/wp-content\/uploads\/2025\/02\/Tunisie-Challenge-17_02-800x450.png 800w, https:\/\/www.tunisiechallenge.com\/wp-content\/uploads\/2025\/02\/Tunisie-Challenge-17_02-1024x576.png 1024w, https:\/\/www.tunisiechallenge.com\/wp-content\/uploads\/2025\/02\/Tunisie-Challenge-17_02.png 1200w\" sizes=\"(max-width: 1200px) 100vw, 1200px\" \/><\/h2>\n<h2>A quinta edi\u00e7\u00e3o do Tunisie Challenge, que decorrer\u00e1 de 8 a 17 de outubro, come\u00e7ar\u00e1 com um pr\u00f3logo espetacular nos arredores de T\u00fanis. Esta etapa, com cerca de 5 quil\u00f3metros, ser\u00e1 disputada na sexta-feira, 10 de outubro, na praia de Gammarth.<\/h2>\n<p>Com o objetivo de continuar a inovar e oferecer mais atrativos aos participantes, o pr\u00f3logo ser\u00e1 realizado ap\u00f3s as verifica\u00e7\u00f5es administrativas e t\u00e9cnicas. Esta iniciativa pretende fortalecer o ambiente em torno do Tunisie Challenge e aumentar a sua proje\u00e7\u00e3o, facilitando a presen\u00e7a de autoridades, adeptos e meios de comunica\u00e7\u00e3o locais.<\/p>\n<p>Pela primeira vez, a cidade de T\u00fanis ser\u00e1 o ponto de partida da competi\u00e7\u00e3o. Assim que chegarem, os participantes passar\u00e3o pelas verifica\u00e7\u00f5es antes de disputarem o pr\u00f3logo. No dia seguinte, s\u00e1bado, 11 de outubro, ter\u00e1 in\u00edcio a primeira etapa, percorrendo um territ\u00f3rio totalmente in\u00e9dito. Nesta jornada, as equipas viajar\u00e3o de T\u00fanis a Sousse, atravessando a pen\u00ednsula do Cabo Bon, uma zona onde as praias alternam com faixas de vegeta\u00e7\u00e3o arenosa.<\/p>\n<p>O tempo registado no pr\u00f3logo determinar\u00e1 a ordem de partida para a primeira etapa, com os participantes agrupados por categoria. A participa\u00e7\u00e3o no pr\u00f3logo n\u00e3o ser\u00e1 obrigat\u00f3ria, mas aqueles que nele participarem ter\u00e3o prioridade na ordem de partida.<\/p>\n<p>Acompanhe todas as novidades atrav\u00e9s das nossas redes sociais e do nosso site oficial\u2014n\u00e3o perca nenhum detalhe! Est\u00e3o a ser preparadas mais surpresas para tornar o Tunisie Challenge 2025 ainda mais emocionante. No nosso site, pode tamb\u00e9m consultar todas as informa\u00e7\u00f5es sobre as inscri\u00e7\u00f5es.<\/p>\n","protected":false},"excerpt":{"rendered":"<p>A quinta edi\u00e7\u00e3o do Tunisie Challenge, que decorrer\u00e1 de 8<\/p>\n","protected":false},"author":2,"featured_media":22354,"comment_status":"closed","ping_status":"closed","sticky":false,"template":"","format":"standard","meta":{"footnotes":""},"categories":[93],"tags":[],"class_list":["post-22359","post","type-post","status-publish","format-standard","has-post-thumbnail","hentry","category-noticias-pt-pt"],"yoast_head":"<!-- This site is optimized with the Yoast SEO plugin v27.4 - https:\/\/yoast.com\/product\/yoast-seo-wordpress\/ -->\n<title>UM PR\u00d3LOGO PARA DAR IN\u00cdCIO AO TUNISIE CHALLENGE 2025 - Tunisie Challenge<\/title>\n<meta name=\"description\" content=\"A quinta edi\u00e7\u00e3o do Tunisie Challenge, que decorrer\u00e1 de 8 a 17 de outubro, come\u00e7ar\u00e1 com um pr\u00f3logo espetacular nos arredores de T\u00fanis. Esta etapa, com cerca de 5 quil\u00f3metros, ser\u00e1 disputada na sexta-feira, 10 de outubro, na praia de Gammarth.\" \/>\n<meta name=\"robots\" content=\"index, follow, max-snippet:-1, max-image-preview:large, max-video-preview:-1\" \/>\n<link rel=\"canonical\" href=\"https:\/\/www.tunisiechallenge.com\/pt-pt\/um-prologo-para-dar-inicio-ao-tunisie-challenge-2025\/\" \/>\n<meta property=\"og:locale\" content=\"pt_PT\" \/>\n<meta property=\"og:type\" content=\"article\" \/>\n<meta property=\"og:title\" content=\"UM PR\u00d3LOGO PARA DAR IN\u00cdCIO AO TUNISIE CHALLENGE 2025 - Tunisie Challenge\" \/>\n<meta property=\"og:description\" content=\"A quinta edi\u00e7\u00e3o do Tunisie Challenge, que decorrer\u00e1 de 8 a 17 de outubro, come\u00e7ar\u00e1 com um pr\u00f3logo espetacular nos arredores de T\u00fanis. Esta etapa, com cerca de 5 quil\u00f3metros, ser\u00e1 disputada na sexta-feira, 10 de outubro, na praia de Gammarth.\" \/>\n<meta property=\"og:url\" content=\"https:\/\/www.tunisiechallenge.com\/pt-pt\/um-prologo-para-dar-inicio-ao-tunisie-challenge-2025\/\" \/>\n<meta property=\"og:site_name\" content=\"Tunisie Challenge\" \/>\n<meta property=\"article:published_time\" content=\"2025-02-17T17:02:17+00:00\" \/>\n<meta property=\"article:modified_time\" content=\"2025-02-17T17:18:59+00:00\" \/>\n<meta property=\"og:image\" content=\"https:\/\/www.tunisiechallenge.com\/wp-content\/uploads\/2025\/02\/Tunisie-Challenge-17_02.png\" \/>\n\t<meta property=\"og:image:width\" content=\"1200\" \/>\n\t<meta property=\"og:image:height\" content=\"675\" \/>\n\t<meta property=\"og:image:type\" content=\"image\/png\" \/>\n<meta name=\"author\" content=\"Rui Caba\u00e7o\" \/>\n<meta name=\"twitter:card\" content=\"summary_large_image\" \/>\n<meta name=\"twitter:label1\" content=\"Escrito por\" \/>\n\t<meta name=\"twitter:data1\" content=\"Rui Caba\u00e7o\" \/>\n\t<meta name=\"twitter:label2\" content=\"Tempo estimado de leitura\" \/>\n\t<meta name=\"twitter:data2\" content=\"2 minutos\" \/>\n<script type=\"application\/ld+json\" class=\"yoast-schema-graph\">{\"@context\":\"https:\\\/\\\/schema.org\",\"@graph\":[{\"@type\":\"Article\",\"@id\":\"https:\\\/\\\/www.tunisiechallenge.com\\\/pt-pt\\\/um-prologo-para-dar-inicio-ao-tunisie-challenge-2025\\\/#article\",\"isPartOf\":{\"@id\":\"https:\\\/\\\/www.tunisiechallenge.com\\\/pt-pt\\\/um-prologo-para-dar-inicio-ao-tunisie-challenge-2025\\\/\"},\"author\":{\"name\":\"Rui Caba\u00e7o\",\"@id\":\"https:\\\/\\\/www.tunisiechallenge.com\\\/pt-pt\\\/#\\\/schema\\\/person\\\/298a597a188b0019416217b2301b9e10\"},\"headline\":\"UM PR\u00d3LOGO PARA DAR IN\u00cdCIO AO TUNISIE CHALLENGE 2025\",\"datePublished\":\"2025-02-17T17:02:17+00:00\",\"dateModified\":\"2025-02-17T17:18:59+00:00\",\"mainEntityOfPage\":{\"@id\":\"https:\\\/\\\/www.tunisiechallenge.com\\\/pt-pt\\\/um-prologo-para-dar-inicio-ao-tunisie-challenge-2025\\\/\"},\"wordCount\":285,\"publisher\":{\"@id\":\"https:\\\/\\\/www.tunisiechallenge.com\\\/pt-pt\\\/#organization\"},\"image\":{\"@id\":\"https:\\\/\\\/www.tunisiechallenge.com\\\/pt-pt\\\/um-prologo-para-dar-inicio-ao-tunisie-challenge-2025\\\/#primaryimage\"},\"thumbnailUrl\":\"https:\\\/\\\/www.tunisiechallenge.com\\\/wp-content\\\/uploads\\\/2025\\\/02\\\/Tunisie-Challenge-17_02.png\",\"articleSection\":[\"Noticias\"],\"inLanguage\":\"pt-PT\"},{\"@type\":\"WebPage\",\"@id\":\"https:\\\/\\\/www.tunisiechallenge.com\\\/pt-pt\\\/um-prologo-para-dar-inicio-ao-tunisie-challenge-2025\\\/\",\"url\":\"https:\\\/\\\/www.tunisiechallenge.com\\\/pt-pt\\\/um-prologo-para-dar-inicio-ao-tunisie-challenge-2025\\\/\",\"name\":\"UM PR\u00d3LOGO PARA DAR IN\u00cdCIO AO TUNISIE CHALLENGE 2025 - Tunisie Challenge\",\"isPartOf\":{\"@id\":\"https:\\\/\\\/www.tunisiechallenge.com\\\/pt-pt\\\/#website\"},\"primaryImageOfPage\":{\"@id\":\"https:\\\/\\\/www.tunisiechallenge.com\\\/pt-pt\\\/um-prologo-para-dar-inicio-ao-tunisie-challenge-2025\\\/#primaryimage\"},\"image\":{\"@id\":\"https:\\\/\\\/www.tunisiechallenge.com\\\/pt-pt\\\/um-prologo-para-dar-inicio-ao-tunisie-challenge-2025\\\/#primaryimage\"},\"thumbnailUrl\":\"https:\\\/\\\/www.tunisiechallenge.com\\\/wp-content\\\/uploads\\\/2025\\\/02\\\/Tunisie-Challenge-17_02.png\",\"datePublished\":\"2025-02-17T17:02:17+00:00\",\"dateModified\":\"2025-02-17T17:18:59+00:00\",\"description\":\"A quinta edi\u00e7\u00e3o do Tunisie Challenge, que decorrer\u00e1 de 8 a 17 de outubro, come\u00e7ar\u00e1 com um pr\u00f3logo espetacular nos arredores de T\u00fanis. Esta etapa, com cerca de 5 quil\u00f3metros, ser\u00e1 disputada na sexta-feira, 10 de outubro, na praia de Gammarth.\",\"breadcrumb\":{\"@id\":\"https:\\\/\\\/www.tunisiechallenge.com\\\/pt-pt\\\/um-prologo-para-dar-inicio-ao-tunisie-challenge-2025\\\/#breadcrumb\"},\"inLanguage\":\"pt-PT\",\"potentialAction\":[{\"@type\":\"ReadAction\",\"target\":[\"https:\\\/\\\/www.tunisiechallenge.com\\\/pt-pt\\\/um-prologo-para-dar-inicio-ao-tunisie-challenge-2025\\\/\"]}]},{\"@type\":\"ImageObject\",\"inLanguage\":\"pt-PT\",\"@id\":\"https:\\\/\\\/www.tunisiechallenge.com\\\/pt-pt\\\/um-prologo-para-dar-inicio-ao-tunisie-challenge-2025\\\/#primaryimage\",\"url\":\"https:\\\/\\\/www.tunisiechallenge.com\\\/wp-content\\\/uploads\\\/2025\\\/02\\\/Tunisie-Challenge-17_02.png\",\"contentUrl\":\"https:\\\/\\\/www.tunisiechallenge.com\\\/wp-content\\\/uploads\\\/2025\\\/02\\\/Tunisie-Challenge-17_02.png\",\"width\":1200,\"height\":675},{\"@type\":\"BreadcrumbList\",\"@id\":\"https:\\\/\\\/www.tunisiechallenge.com\\\/pt-pt\\\/um-prologo-para-dar-inicio-ao-tunisie-challenge-2025\\\/#breadcrumb\",\"itemListElement\":[{\"@type\":\"ListItem\",\"position\":1,\"name\":\"Portada\",\"item\":\"https:\\\/\\\/www.tunisiechallenge.com\\\/pt-pt\\\/\"},{\"@type\":\"ListItem\",\"position\":2,\"name\":\"UM PR\u00d3LOGO PARA DAR IN\u00cdCIO AO TUNISIE CHALLENGE 2025\"}]},{\"@type\":\"WebSite\",\"@id\":\"https:\\\/\\\/www.tunisiechallenge.com\\\/pt-pt\\\/#website\",\"url\":\"https:\\\/\\\/www.tunisiechallenge.com\\\/pt-pt\\\/\",\"name\":\"Tunisie Challenge\",\"description\":\"O Dakar dos anos 70 para os aventureiros de hoje\",\"publisher\":{\"@id\":\"https:\\\/\\\/www.tunisiechallenge.com\\\/pt-pt\\\/#organization\"},\"potentialAction\":[{\"@type\":\"SearchAction\",\"target\":{\"@type\":\"EntryPoint\",\"urlTemplate\":\"https:\\\/\\\/www.tunisiechallenge.com\\\/pt-pt\\\/?s={search_term_string}\"},\"query-input\":{\"@type\":\"PropertyValueSpecification\",\"valueRequired\":true,\"valueName\":\"search_term_string\"}}],\"inLanguage\":\"pt-PT\"},{\"@type\":\"Organization\",\"@id\":\"https:\\\/\\\/www.tunisiechallenge.com\\\/pt-pt\\\/#organization\",\"name\":\"TUNISIE CHALLENGE\",\"url\":\"https:\\\/\\\/www.tunisiechallenge.com\\\/pt-pt\\\/\",\"logo\":{\"@type\":\"ImageObject\",\"inLanguage\":\"pt-PT\",\"@id\":\"https:\\\/\\\/www.tunisiechallenge.com\\\/pt-pt\\\/#\\\/schema\\\/logo\\\/image\\\/\",\"url\":\"https:\\\/\\\/www.tunisiechallenge.com\\\/wp-content\\\/uploads\\\/2021\\\/09\\\/Logo-Tunisie_Challenge.png\",\"contentUrl\":\"https:\\\/\\\/www.tunisiechallenge.com\\\/wp-content\\\/uploads\\\/2021\\\/09\\\/Logo-Tunisie_Challenge.png\",\"width\":170,\"height\":96,\"caption\":\"TUNISIE CHALLENGE\"},\"image\":{\"@id\":\"https:\\\/\\\/www.tunisiechallenge.com\\\/pt-pt\\\/#\\\/schema\\\/logo\\\/image\\\/\"}},{\"@type\":\"Person\",\"@id\":\"https:\\\/\\\/www.tunisiechallenge.com\\\/pt-pt\\\/#\\\/schema\\\/person\\\/298a597a188b0019416217b2301b9e10\",\"name\":\"Rui Caba\u00e7o\",\"image\":{\"@type\":\"ImageObject\",\"inLanguage\":\"pt-PT\",\"@id\":\"https:\\\/\\\/secure.gravatar.com\\\/avatar\\\/7ac3f434351cbd7875a5f064f6695a52ab4f6ffeb48c6bffb908c8e6f0e3bf73?s=96&d=mm&r=g\",\"url\":\"https:\\\/\\\/secure.gravatar.com\\\/avatar\\\/7ac3f434351cbd7875a5f064f6695a52ab4f6ffeb48c6bffb908c8e6f0e3bf73?s=96&d=mm&r=g\",\"contentUrl\":\"https:\\\/\\\/secure.gravatar.com\\\/avatar\\\/7ac3f434351cbd7875a5f064f6695a52ab4f6ffeb48c6bffb908c8e6f0e3bf73?s=96&d=mm&r=g\",\"caption\":\"Rui Caba\u00e7o\"},\"url\":\"https:\\\/\\\/www.tunisiechallenge.com\\\/pt-pt\\\/author\\\/ruibri1\\\/\"}]}<\/script>\n<!-- \/ Yoast SEO plugin. -->","yoast_head_json":{"title":"UM PR\u00d3LOGO PARA DAR IN\u00cdCIO AO TUNISIE CHALLENGE 2025 - Tunisie Challenge","description":"A quinta edi\u00e7\u00e3o do Tunisie Challenge, que decorrer\u00e1 de 8 a 17 de outubro, come\u00e7ar\u00e1 com um pr\u00f3logo espetacular nos arredores de T\u00fanis. Esta etapa, com cerca de 5 quil\u00f3metros, ser\u00e1 disputada na sexta-feira, 10 de outubro, na praia de Gammarth.","robots":{"index":"index","follow":"follow","max-snippet":"max-snippet:-1","max-image-preview":"max-image-preview:large","max-video-preview":"max-video-preview:-1"},"canonical":"https:\/\/www.tunisiechallenge.com\/pt-pt\/um-prologo-para-dar-inicio-ao-tunisie-challenge-2025\/","og_locale":"pt_PT","og_type":"article","og_title":"UM PR\u00d3LOGO PARA DAR IN\u00cdCIO AO TUNISIE CHALLENGE 2025 - Tunisie Challenge","og_description":"A quinta edi\u00e7\u00e3o do Tunisie Challenge, que decorrer\u00e1 de 8 a 17 de outubro, come\u00e7ar\u00e1 com um pr\u00f3logo espetacular nos arredores de T\u00fanis. Esta etapa, com cerca de 5 quil\u00f3metros, ser\u00e1 disputada na sexta-feira, 10 de outubro, na praia de Gammarth.","og_url":"https:\/\/www.tunisiechallenge.com\/pt-pt\/um-prologo-para-dar-inicio-ao-tunisie-challenge-2025\/","og_site_name":"Tunisie Challenge","article_published_time":"2025-02-17T17:02:17+00:00","article_modified_time":"2025-02-17T17:18:59+00:00","og_image":[{"width":1200,"height":675,"url":"https:\/\/www.tunisiechallenge.com\/wp-content\/uploads\/2025\/02\/Tunisie-Challenge-17_02.png","type":"image\/png"}],"author":"Rui Caba\u00e7o","twitter_card":"summary_large_image","twitter_misc":{"Escrito por":"Rui Caba\u00e7o","Tempo estimado de leitura":"2 minutos"},"schema":{"@context":"https:\/\/schema.org","@graph":[{"@type":"Article","@id":"https:\/\/www.tunisiechallenge.com\/pt-pt\/um-prologo-para-dar-inicio-ao-tunisie-challenge-2025\/#article","isPartOf":{"@id":"https:\/\/www.tunisiechallenge.com\/pt-pt\/um-prologo-para-dar-inicio-ao-tunisie-challenge-2025\/"},"author":{"name":"Rui Caba\u00e7o","@id":"https:\/\/www.tunisiechallenge.com\/pt-pt\/#\/schema\/person\/298a597a188b0019416217b2301b9e10"},"headline":"UM PR\u00d3LOGO PARA DAR IN\u00cdCIO AO TUNISIE CHALLENGE 2025","datePublished":"2025-02-17T17:02:17+00:00","dateModified":"2025-02-17T17:18:59+00:00","mainEntityOfPage":{"@id":"https:\/\/www.tunisiechallenge.com\/pt-pt\/um-prologo-para-dar-inicio-ao-tunisie-challenge-2025\/"},"wordCount":285,"publisher":{"@id":"https:\/\/www.tunisiechallenge.com\/pt-pt\/#organization"},"image":{"@id":"https:\/\/www.tunisiechallenge.com\/pt-pt\/um-prologo-para-dar-inicio-ao-tunisie-challenge-2025\/#primaryimage"},"thumbnailUrl":"https:\/\/www.tunisiechallenge.com\/wp-content\/uploads\/2025\/02\/Tunisie-Challenge-17_02.png","articleSection":["Noticias"],"inLanguage":"pt-PT"},{"@type":"WebPage","@id":"https:\/\/www.tunisiechallenge.com\/pt-pt\/um-prologo-para-dar-inicio-ao-tunisie-challenge-2025\/","url":"https:\/\/www.tunisiechallenge.com\/pt-pt\/um-prologo-para-dar-inicio-ao-tunisie-challenge-2025\/","name":"UM PR\u00d3LOGO PARA DAR IN\u00cdCIO AO TUNISIE CHALLENGE 2025 - Tunisie Challenge","isPartOf":{"@id":"https:\/\/www.tunisiechallenge.com\/pt-pt\/#website"},"primaryImageOfPage":{"@id":"https:\/\/www.tunisiechallenge.com\/pt-pt\/um-prologo-para-dar-inicio-ao-tunisie-challenge-2025\/#primaryimage"},"image":{"@id":"https:\/\/www.tunisiechallenge.com\/pt-pt\/um-prologo-para-dar-inicio-ao-tunisie-challenge-2025\/#primaryimage"},"thumbnailUrl":"https:\/\/www.tunisiechallenge.com\/wp-content\/uploads\/2025\/02\/Tunisie-Challenge-17_02.png","datePublished":"2025-02-17T17:02:17+00:00","dateModified":"2025-02-17T17:18:59+00:00","description":"A quinta edi\u00e7\u00e3o do Tunisie Challenge, que decorrer\u00e1 de 8 a 17 de outubro, come\u00e7ar\u00e1 com um pr\u00f3logo espetacular nos arredores de T\u00fanis. Esta etapa, com cerca de 5 quil\u00f3metros, ser\u00e1 disputada na sexta-feira, 10 de outubro, na praia de Gammarth.","breadcrumb":{"@id":"https:\/\/www.tunisiechallenge.com\/pt-pt\/um-prologo-para-dar-inicio-ao-tunisie-challenge-2025\/#breadcrumb"},"inLanguage":"pt-PT","potentialAction":[{"@type":"ReadAction","target":["https:\/\/www.tunisiechallenge.com\/pt-pt\/um-prologo-para-dar-inicio-ao-tunisie-challenge-2025\/"]}]},{"@type":"ImageObject","inLanguage":"pt-PT","@id":"https:\/\/www.tunisiechallenge.com\/pt-pt\/um-prologo-para-dar-inicio-ao-tunisie-challenge-2025\/#primaryimage","url":"https:\/\/www.tunisiechallenge.com\/wp-content\/uploads\/2025\/02\/Tunisie-Challenge-17_02.png","contentUrl":"https:\/\/www.tunisiechallenge.com\/wp-content\/uploads\/2025\/02\/Tunisie-Challenge-17_02.png","width":1200,"height":675},{"@type":"BreadcrumbList","@id":"https:\/\/www.tunisiechallenge.com\/pt-pt\/um-prologo-para-dar-inicio-ao-tunisie-challenge-2025\/#breadcrumb","itemListElement":[{"@type":"ListItem","position":1,"name":"Portada","item":"https:\/\/www.tunisiechallenge.com\/pt-pt\/"},{"@type":"ListItem","position":2,"name":"UM PR\u00d3LOGO PARA DAR IN\u00cdCIO AO TUNISIE CHALLENGE 2025"}]},{"@type":"WebSite","@id":"https:\/\/www.tunisiechallenge.com\/pt-pt\/#website","url":"https:\/\/www.tunisiechallenge.com\/pt-pt\/","name":"Tunisie Challenge","description":"O Dakar dos anos 70 para os aventureiros de hoje","publisher":{"@id":"https:\/\/www.tunisiechallenge.com\/pt-pt\/#organization"},"potentialAction":[{"@type":"SearchAction","target":{"@type":"EntryPoint","urlTemplate":"https:\/\/www.tunisiechallenge.com\/pt-pt\/?s={search_term_string}"},"query-input":{"@type":"PropertyValueSpecification","valueRequired":true,"valueName":"search_term_string"}}],"inLanguage":"pt-PT"},{"@type":"Organization","@id":"https:\/\/www.tunisiechallenge.com\/pt-pt\/#organization","name":"TUNISIE CHALLENGE","url":"https:\/\/www.tunisiechallenge.com\/pt-pt\/","logo":{"@type":"ImageObject","inLanguage":"pt-PT","@id":"https:\/\/www.tunisiechallenge.com\/pt-pt\/#\/schema\/logo\/image\/","url":"https:\/\/www.tunisiechallenge.com\/wp-content\/uploads\/2021\/09\/Logo-Tunisie_Challenge.png","contentUrl":"https:\/\/www.tunisiechallenge.com\/wp-content\/uploads\/2021\/09\/Logo-Tunisie_Challenge.png","width":170,"height":96,"caption":"TUNISIE CHALLENGE"},"image":{"@id":"https:\/\/www.tunisiechallenge.com\/pt-pt\/#\/schema\/logo\/image\/"}},{"@type":"Person","@id":"https:\/\/www.tunisiechallenge.com\/pt-pt\/#\/schema\/person\/298a597a188b0019416217b2301b9e10","name":"Rui Caba\u00e7o","image":{"@type":"ImageObject","inLanguage":"pt-PT","@id":"https:\/\/secure.gravatar.com\/avatar\/7ac3f434351cbd7875a5f064f6695a52ab4f6ffeb48c6bffb908c8e6f0e3bf73?s=96&d=mm&r=g","url":"https:\/\/secure.gravatar.com\/avatar\/7ac3f434351cbd7875a5f064f6695a52ab4f6ffeb48c6bffb908c8e6f0e3bf73?s=96&d=mm&r=g","contentUrl":"https:\/\/secure.gravatar.com\/avatar\/7ac3f434351cbd7875a5f064f6695a52ab4f6ffeb48c6bffb908c8e6f0e3bf73?s=96&d=mm&r=g","caption":"Rui Caba\u00e7o"},"url":"https:\/\/www.tunisiechallenge.com\/pt-pt\/author\/ruibri1\/"}]}},"_links":{"self":[{"href":"https:\/\/www.tunisiechallenge.com\/pt-pt\/wp-json\/wp\/v2\/posts\/22359","targetHints":{"allow":["GET"]}}],"collection":[{"href":"https:\/\/www.tunisiechallenge.com\/pt-pt\/wp-json\/wp\/v2\/posts"}],"about":[{"href":"https:\/\/www.tunisiechallenge.com\/pt-pt\/wp-json\/wp\/v2\/types\/post"}],"author":[{"embeddable":true,"href":"https:\/\/www.tunisiechallenge.com\/pt-pt\/wp-json\/wp\/v2\/users\/2"}],"replies":[{"embeddable":true,"href":"https:\/\/www.tunisiechallenge.com\/pt-pt\/wp-json\/wp\/v2\/comments?post=22359"}],"version-history":[{"count":2,"href":"https:\/\/www.tunisiechallenge.com\/pt-pt\/wp-json\/wp\/v2\/posts\/22359\/revisions"}],"predecessor-version":[{"id":22367,"href":"https:\/\/www.tunisiechallenge.com\/pt-pt\/wp-json\/wp\/v2\/posts\/22359\/revisions\/22367"}],"wp:featuredmedia":[{"embeddable":true,"href":"https:\/\/www.tunisiechallenge.com\/pt-pt\/wp-json\/wp\/v2\/media\/22354"}],"wp:attachment":[{"href":"https:\/\/www.tunisiechallenge.com\/pt-pt\/wp-json\/wp\/v2\/media?parent=22359"}],"wp:term":[{"taxonomy":"category","embeddable":true,"href":"https:\/\/www.tunisiechallenge.com\/pt-pt\/wp-json\/wp\/v2\/categories?post=22359"},{"taxonomy":"post_tag","embeddable":true,"href":"https:\/\/www.tunisiechallenge.com\/pt-pt\/wp-json\/wp\/v2\/tags?post=22359"}],"curies":[{"name":"wp","href":"https:\/\/api.w.org\/{rel}","templated":true}]}}