{"id":22481,"date":"2025-05-04T20:39:23","date_gmt":"2025-05-04T20:39:23","guid":{"rendered":"https:\/\/www.tunisiechallenge.com\/a-tunez-con-el-mercedes-clk-430-v8-de-2-ruedas-motrices\/"},"modified":"2025-05-04T20:56:24","modified_gmt":"2025-05-04T20:56:24","slug":"na-tunisia-com-o-mercedes-clk-430-v8-de-tracao-traseira","status":"publish","type":"post","link":"https:\/\/www.tunisiechallenge.com\/pt-pt\/na-tunisia-com-o-mercedes-clk-430-v8-de-tracao-traseira\/","title":{"rendered":"NA TUN\u00cdSIA COM O MERCEDES CLK 430 V8 DE TRA\u00c7\u00c3O TRASEIRA!"},"content":{"rendered":"<h2><img decoding=\"async\" class=\"alignnone size-full wp-image-22471\" src=\"https:\/\/www.tunisiechallenge.com\/wp-content\/uploads\/2025\/05\/Tunisie-Challenge-05_05.png\" alt=\"\" width=\"1200\" height=\"675\" srcset=\"https:\/\/www.tunisiechallenge.com\/wp-content\/uploads\/2025\/05\/Tunisie-Challenge-05_05-200x113.png 200w, https:\/\/www.tunisiechallenge.com\/wp-content\/uploads\/2025\/05\/Tunisie-Challenge-05_05-300x169.png 300w, https:\/\/www.tunisiechallenge.com\/wp-content\/uploads\/2025\/05\/Tunisie-Challenge-05_05-400x225.png 400w, https:\/\/www.tunisiechallenge.com\/wp-content\/uploads\/2025\/05\/Tunisie-Challenge-05_05-600x338.png 600w, https:\/\/www.tunisiechallenge.com\/wp-content\/uploads\/2025\/05\/Tunisie-Challenge-05_05-768x432.png 768w, https:\/\/www.tunisiechallenge.com\/wp-content\/uploads\/2025\/05\/Tunisie-Challenge-05_05-800x450.png 800w, https:\/\/www.tunisiechallenge.com\/wp-content\/uploads\/2025\/05\/Tunisie-Challenge-05_05-1024x576.png 1024w, https:\/\/www.tunisiechallenge.com\/wp-content\/uploads\/2025\/05\/Tunisie-Challenge-05_05.png 1200w\" sizes=\"(max-width: 1200px) 100vw, 1200px\" \/><\/h2>\n<h2>O Mercedes CLK 430 V8, habitualmente utilizado como briefingcar na Maroc Challenge, \u00e9 a grande novidade que levamos para a Tun\u00edsia para os reconhecimentos da quinta edi\u00e7\u00e3o da Tunisie Challenge, que come\u00e7ar\u00e3o no pr\u00f3ximo dia 13 de maio.<\/h2>\n<p>A decis\u00e3o de realizar os reconhecimentos com um ve\u00edculo de tra\u00e7\u00e3o traseira foi tomada com o objetivo de avaliar no terreno a possibilidade de introduzir novas categorias no evento, sem comprometer o percurso atual, desenhado para ve\u00edculos com tra\u00e7\u00e3o total.<\/p>\n<p>O vistoso Mercedes CLK 430 V8 ser\u00e1 utilizado pela primeira vez na Tun\u00edsia, acompanhado por um dos habituais Nissan Patrol, e ser\u00e1 certamente um dos grandes destaques dos pr\u00f3ximos dias.<\/p>\n<p>O regulamento da Tunisie Challenge permitia inicialmente a presen\u00e7a de ve\u00edculos com tra\u00e7\u00e3o \u00e0s duas e quatro rodas, mas a partir da terceira edi\u00e7\u00e3o passou a ser restrito a ve\u00edculos 4&#215;4 para salvaguardar a viabilidade do percurso.<\/p>\n<p>Agora estamos a considerar a cria\u00e7\u00e3o de uma nova categoria para ve\u00edculos preparados com tra\u00e7\u00e3o traseira, e queremos verificar no terreno se conseguem superar com sucesso as zonas previstas para os 4&#215;4.<\/p>\n<p>Atrav\u00e9s das nossas redes sociais e do site oficial, iremos partilhar todas as atualiza\u00e7\u00f5es sobre os reconhecimentos e as novidades desta quinta edi\u00e7\u00e3o da Tunisie Challenge. No portal tamb\u00e9m podem consultar todas as informa\u00e7\u00f5es sobre as inscri\u00e7\u00f5es.<\/p>\n","protected":false},"excerpt":{"rendered":"<p>O Mercedes CLK 430 V8, habitualmente utilizado como briefingcar na<\/p>\n","protected":false},"author":2,"featured_media":22475,"comment_status":"closed","ping_status":"closed","sticky":false,"template":"","format":"standard","meta":{"footnotes":""},"categories":[93],"tags":[],"class_list":["post-22481","post","type-post","status-publish","format-standard","has-post-thumbnail","hentry","category-noticias-pt-pt"],"yoast_head":"<!-- This site is optimized with the Yoast SEO plugin v27.4 - https:\/\/yoast.com\/product\/yoast-seo-wordpress\/ -->\n<title>NA TUN\u00cdSIA COM O MERCEDES CLK 430 V8 DE TRA\u00c7\u00c3O TRASEIRA! - Tunisie Challenge<\/title>\n<meta name=\"description\" content=\"O Mercedes CLK 430 V8, habitualmente utilizado como briefingcar na Maroc Challenge, \u00e9 a grande novidade que levamos para a Tun\u00edsia para os reconhecimentos da quinta edi\u00e7\u00e3o da Tunisie Challenge, que come\u00e7ar\u00e3o no pr\u00f3ximo dia 13 de maio.\" \/>\n<meta name=\"robots\" content=\"index, follow, max-snippet:-1, max-image-preview:large, max-video-preview:-1\" \/>\n<link rel=\"canonical\" href=\"https:\/\/www.tunisiechallenge.com\/pt-pt\/na-tunisia-com-o-mercedes-clk-430-v8-de-tracao-traseira\/\" \/>\n<meta property=\"og:locale\" content=\"pt_PT\" \/>\n<meta property=\"og:type\" content=\"article\" \/>\n<meta property=\"og:title\" content=\"NA TUN\u00cdSIA COM O MERCEDES CLK 430 V8 DE TRA\u00c7\u00c3O TRASEIRA! - Tunisie Challenge\" \/>\n<meta property=\"og:description\" content=\"O Mercedes CLK 430 V8, habitualmente utilizado como briefingcar na Maroc Challenge, \u00e9 a grande novidade que levamos para a Tun\u00edsia para os reconhecimentos da quinta edi\u00e7\u00e3o da Tunisie Challenge, que come\u00e7ar\u00e3o no pr\u00f3ximo dia 13 de maio.\" \/>\n<meta property=\"og:url\" content=\"https:\/\/www.tunisiechallenge.com\/pt-pt\/na-tunisia-com-o-mercedes-clk-430-v8-de-tracao-traseira\/\" \/>\n<meta property=\"og:site_name\" content=\"Tunisie Challenge\" \/>\n<meta property=\"article:published_time\" content=\"2025-05-04T20:39:23+00:00\" \/>\n<meta property=\"article:modified_time\" content=\"2025-05-04T20:56:24+00:00\" \/>\n<meta property=\"og:image\" content=\"https:\/\/www.tunisiechallenge.com\/wp-content\/uploads\/2025\/05\/Tunisie-Challenge-05_05.png\" \/>\n\t<meta property=\"og:image:width\" content=\"1200\" \/>\n\t<meta property=\"og:image:height\" content=\"675\" \/>\n\t<meta property=\"og:image:type\" content=\"image\/png\" \/>\n<meta name=\"author\" content=\"Rui Caba\u00e7o\" \/>\n<meta name=\"twitter:card\" content=\"summary_large_image\" \/>\n<meta name=\"twitter:label1\" content=\"Escrito por\" \/>\n\t<meta name=\"twitter:data1\" content=\"Rui Caba\u00e7o\" \/>\n\t<meta name=\"twitter:label2\" content=\"Tempo estimado de leitura\" \/>\n\t<meta name=\"twitter:data2\" content=\"2 minutos\" \/>\n<script type=\"application\/ld+json\" class=\"yoast-schema-graph\">{\"@context\":\"https:\\\/\\\/schema.org\",\"@graph\":[{\"@type\":\"Article\",\"@id\":\"https:\\\/\\\/www.tunisiechallenge.com\\\/pt-pt\\\/na-tunisia-com-o-mercedes-clk-430-v8-de-tracao-traseira\\\/#article\",\"isPartOf\":{\"@id\":\"https:\\\/\\\/www.tunisiechallenge.com\\\/pt-pt\\\/na-tunisia-com-o-mercedes-clk-430-v8-de-tracao-traseira\\\/\"},\"author\":{\"name\":\"Rui Caba\u00e7o\",\"@id\":\"https:\\\/\\\/www.tunisiechallenge.com\\\/pt-pt\\\/#\\\/schema\\\/person\\\/298a597a188b0019416217b2301b9e10\"},\"headline\":\"NA TUN\u00cdSIA COM O MERCEDES CLK 430 V8 DE TRA\u00c7\u00c3O TRASEIRA!\",\"datePublished\":\"2025-05-04T20:39:23+00:00\",\"dateModified\":\"2025-05-04T20:56:24+00:00\",\"mainEntityOfPage\":{\"@id\":\"https:\\\/\\\/www.tunisiechallenge.com\\\/pt-pt\\\/na-tunisia-com-o-mercedes-clk-430-v8-de-tracao-traseira\\\/\"},\"wordCount\":248,\"publisher\":{\"@id\":\"https:\\\/\\\/www.tunisiechallenge.com\\\/pt-pt\\\/#organization\"},\"image\":{\"@id\":\"https:\\\/\\\/www.tunisiechallenge.com\\\/pt-pt\\\/na-tunisia-com-o-mercedes-clk-430-v8-de-tracao-traseira\\\/#primaryimage\"},\"thumbnailUrl\":\"https:\\\/\\\/www.tunisiechallenge.com\\\/wp-content\\\/uploads\\\/2025\\\/05\\\/Tunisie-Challenge-05_05.png\",\"articleSection\":[\"Noticias\"],\"inLanguage\":\"pt-PT\"},{\"@type\":\"WebPage\",\"@id\":\"https:\\\/\\\/www.tunisiechallenge.com\\\/pt-pt\\\/na-tunisia-com-o-mercedes-clk-430-v8-de-tracao-traseira\\\/\",\"url\":\"https:\\\/\\\/www.tunisiechallenge.com\\\/pt-pt\\\/na-tunisia-com-o-mercedes-clk-430-v8-de-tracao-traseira\\\/\",\"name\":\"NA TUN\u00cdSIA COM O MERCEDES CLK 430 V8 DE TRA\u00c7\u00c3O TRASEIRA! - Tunisie Challenge\",\"isPartOf\":{\"@id\":\"https:\\\/\\\/www.tunisiechallenge.com\\\/pt-pt\\\/#website\"},\"primaryImageOfPage\":{\"@id\":\"https:\\\/\\\/www.tunisiechallenge.com\\\/pt-pt\\\/na-tunisia-com-o-mercedes-clk-430-v8-de-tracao-traseira\\\/#primaryimage\"},\"image\":{\"@id\":\"https:\\\/\\\/www.tunisiechallenge.com\\\/pt-pt\\\/na-tunisia-com-o-mercedes-clk-430-v8-de-tracao-traseira\\\/#primaryimage\"},\"thumbnailUrl\":\"https:\\\/\\\/www.tunisiechallenge.com\\\/wp-content\\\/uploads\\\/2025\\\/05\\\/Tunisie-Challenge-05_05.png\",\"datePublished\":\"2025-05-04T20:39:23+00:00\",\"dateModified\":\"2025-05-04T20:56:24+00:00\",\"description\":\"O Mercedes CLK 430 V8, habitualmente utilizado como briefingcar na Maroc Challenge, \u00e9 a grande novidade que levamos para a Tun\u00edsia para os reconhecimentos da quinta edi\u00e7\u00e3o da Tunisie Challenge, que come\u00e7ar\u00e3o no pr\u00f3ximo dia 13 de maio.\",\"breadcrumb\":{\"@id\":\"https:\\\/\\\/www.tunisiechallenge.com\\\/pt-pt\\\/na-tunisia-com-o-mercedes-clk-430-v8-de-tracao-traseira\\\/#breadcrumb\"},\"inLanguage\":\"pt-PT\",\"potentialAction\":[{\"@type\":\"ReadAction\",\"target\":[\"https:\\\/\\\/www.tunisiechallenge.com\\\/pt-pt\\\/na-tunisia-com-o-mercedes-clk-430-v8-de-tracao-traseira\\\/\"]}]},{\"@type\":\"ImageObject\",\"inLanguage\":\"pt-PT\",\"@id\":\"https:\\\/\\\/www.tunisiechallenge.com\\\/pt-pt\\\/na-tunisia-com-o-mercedes-clk-430-v8-de-tracao-traseira\\\/#primaryimage\",\"url\":\"https:\\\/\\\/www.tunisiechallenge.com\\\/wp-content\\\/uploads\\\/2025\\\/05\\\/Tunisie-Challenge-05_05.png\",\"contentUrl\":\"https:\\\/\\\/www.tunisiechallenge.com\\\/wp-content\\\/uploads\\\/2025\\\/05\\\/Tunisie-Challenge-05_05.png\",\"width\":1200,\"height\":675},{\"@type\":\"BreadcrumbList\",\"@id\":\"https:\\\/\\\/www.tunisiechallenge.com\\\/pt-pt\\\/na-tunisia-com-o-mercedes-clk-430-v8-de-tracao-traseira\\\/#breadcrumb\",\"itemListElement\":[{\"@type\":\"ListItem\",\"position\":1,\"name\":\"Portada\",\"item\":\"https:\\\/\\\/www.tunisiechallenge.com\\\/pt-pt\\\/\"},{\"@type\":\"ListItem\",\"position\":2,\"name\":\"NA TUN\u00cdSIA COM O MERCEDES CLK 430 V8 DE TRA\u00c7\u00c3O TRASEIRA!\"}]},{\"@type\":\"WebSite\",\"@id\":\"https:\\\/\\\/www.tunisiechallenge.com\\\/pt-pt\\\/#website\",\"url\":\"https:\\\/\\\/www.tunisiechallenge.com\\\/pt-pt\\\/\",\"name\":\"Tunisie Challenge\",\"description\":\"O Dakar dos anos 70 para os aventureiros de hoje\",\"publisher\":{\"@id\":\"https:\\\/\\\/www.tunisiechallenge.com\\\/pt-pt\\\/#organization\"},\"potentialAction\":[{\"@type\":\"SearchAction\",\"target\":{\"@type\":\"EntryPoint\",\"urlTemplate\":\"https:\\\/\\\/www.tunisiechallenge.com\\\/pt-pt\\\/?s={search_term_string}\"},\"query-input\":{\"@type\":\"PropertyValueSpecification\",\"valueRequired\":true,\"valueName\":\"search_term_string\"}}],\"inLanguage\":\"pt-PT\"},{\"@type\":\"Organization\",\"@id\":\"https:\\\/\\\/www.tunisiechallenge.com\\\/pt-pt\\\/#organization\",\"name\":\"TUNISIE CHALLENGE\",\"url\":\"https:\\\/\\\/www.tunisiechallenge.com\\\/pt-pt\\\/\",\"logo\":{\"@type\":\"ImageObject\",\"inLanguage\":\"pt-PT\",\"@id\":\"https:\\\/\\\/www.tunisiechallenge.com\\\/pt-pt\\\/#\\\/schema\\\/logo\\\/image\\\/\",\"url\":\"https:\\\/\\\/www.tunisiechallenge.com\\\/wp-content\\\/uploads\\\/2021\\\/09\\\/Logo-Tunisie_Challenge.png\",\"contentUrl\":\"https:\\\/\\\/www.tunisiechallenge.com\\\/wp-content\\\/uploads\\\/2021\\\/09\\\/Logo-Tunisie_Challenge.png\",\"width\":170,\"height\":96,\"caption\":\"TUNISIE CHALLENGE\"},\"image\":{\"@id\":\"https:\\\/\\\/www.tunisiechallenge.com\\\/pt-pt\\\/#\\\/schema\\\/logo\\\/image\\\/\"}},{\"@type\":\"Person\",\"@id\":\"https:\\\/\\\/www.tunisiechallenge.com\\\/pt-pt\\\/#\\\/schema\\\/person\\\/298a597a188b0019416217b2301b9e10\",\"name\":\"Rui Caba\u00e7o\",\"image\":{\"@type\":\"ImageObject\",\"inLanguage\":\"pt-PT\",\"@id\":\"https:\\\/\\\/secure.gravatar.com\\\/avatar\\\/7ac3f434351cbd7875a5f064f6695a52ab4f6ffeb48c6bffb908c8e6f0e3bf73?s=96&d=mm&r=g\",\"url\":\"https:\\\/\\\/secure.gravatar.com\\\/avatar\\\/7ac3f434351cbd7875a5f064f6695a52ab4f6ffeb48c6bffb908c8e6f0e3bf73?s=96&d=mm&r=g\",\"contentUrl\":\"https:\\\/\\\/secure.gravatar.com\\\/avatar\\\/7ac3f434351cbd7875a5f064f6695a52ab4f6ffeb48c6bffb908c8e6f0e3bf73?s=96&d=mm&r=g\",\"caption\":\"Rui Caba\u00e7o\"},\"url\":\"https:\\\/\\\/www.tunisiechallenge.com\\\/pt-pt\\\/author\\\/ruibri1\\\/\"}]}<\/script>\n<!-- \/ Yoast SEO plugin. -->","yoast_head_json":{"title":"NA TUN\u00cdSIA COM O MERCEDES CLK 430 V8 DE TRA\u00c7\u00c3O TRASEIRA! - Tunisie Challenge","description":"O Mercedes CLK 430 V8, habitualmente utilizado como briefingcar na Maroc Challenge, \u00e9 a grande novidade que levamos para a Tun\u00edsia para os reconhecimentos da quinta edi\u00e7\u00e3o da Tunisie Challenge, que come\u00e7ar\u00e3o no pr\u00f3ximo dia 13 de maio.","robots":{"index":"index","follow":"follow","max-snippet":"max-snippet:-1","max-image-preview":"max-image-preview:large","max-video-preview":"max-video-preview:-1"},"canonical":"https:\/\/www.tunisiechallenge.com\/pt-pt\/na-tunisia-com-o-mercedes-clk-430-v8-de-tracao-traseira\/","og_locale":"pt_PT","og_type":"article","og_title":"NA TUN\u00cdSIA COM O MERCEDES CLK 430 V8 DE TRA\u00c7\u00c3O TRASEIRA! - Tunisie Challenge","og_description":"O Mercedes CLK 430 V8, habitualmente utilizado como briefingcar na Maroc Challenge, \u00e9 a grande novidade que levamos para a Tun\u00edsia para os reconhecimentos da quinta edi\u00e7\u00e3o da Tunisie Challenge, que come\u00e7ar\u00e3o no pr\u00f3ximo dia 13 de maio.","og_url":"https:\/\/www.tunisiechallenge.com\/pt-pt\/na-tunisia-com-o-mercedes-clk-430-v8-de-tracao-traseira\/","og_site_name":"Tunisie Challenge","article_published_time":"2025-05-04T20:39:23+00:00","article_modified_time":"2025-05-04T20:56:24+00:00","og_image":[{"width":1200,"height":675,"url":"https:\/\/www.tunisiechallenge.com\/wp-content\/uploads\/2025\/05\/Tunisie-Challenge-05_05.png","type":"image\/png"}],"author":"Rui Caba\u00e7o","twitter_card":"summary_large_image","twitter_misc":{"Escrito por":"Rui Caba\u00e7o","Tempo estimado de leitura":"2 minutos"},"schema":{"@context":"https:\/\/schema.org","@graph":[{"@type":"Article","@id":"https:\/\/www.tunisiechallenge.com\/pt-pt\/na-tunisia-com-o-mercedes-clk-430-v8-de-tracao-traseira\/#article","isPartOf":{"@id":"https:\/\/www.tunisiechallenge.com\/pt-pt\/na-tunisia-com-o-mercedes-clk-430-v8-de-tracao-traseira\/"},"author":{"name":"Rui Caba\u00e7o","@id":"https:\/\/www.tunisiechallenge.com\/pt-pt\/#\/schema\/person\/298a597a188b0019416217b2301b9e10"},"headline":"NA TUN\u00cdSIA COM O MERCEDES CLK 430 V8 DE TRA\u00c7\u00c3O TRASEIRA!","datePublished":"2025-05-04T20:39:23+00:00","dateModified":"2025-05-04T20:56:24+00:00","mainEntityOfPage":{"@id":"https:\/\/www.tunisiechallenge.com\/pt-pt\/na-tunisia-com-o-mercedes-clk-430-v8-de-tracao-traseira\/"},"wordCount":248,"publisher":{"@id":"https:\/\/www.tunisiechallenge.com\/pt-pt\/#organization"},"image":{"@id":"https:\/\/www.tunisiechallenge.com\/pt-pt\/na-tunisia-com-o-mercedes-clk-430-v8-de-tracao-traseira\/#primaryimage"},"thumbnailUrl":"https:\/\/www.tunisiechallenge.com\/wp-content\/uploads\/2025\/05\/Tunisie-Challenge-05_05.png","articleSection":["Noticias"],"inLanguage":"pt-PT"},{"@type":"WebPage","@id":"https:\/\/www.tunisiechallenge.com\/pt-pt\/na-tunisia-com-o-mercedes-clk-430-v8-de-tracao-traseira\/","url":"https:\/\/www.tunisiechallenge.com\/pt-pt\/na-tunisia-com-o-mercedes-clk-430-v8-de-tracao-traseira\/","name":"NA TUN\u00cdSIA COM O MERCEDES CLK 430 V8 DE TRA\u00c7\u00c3O TRASEIRA! - Tunisie Challenge","isPartOf":{"@id":"https:\/\/www.tunisiechallenge.com\/pt-pt\/#website"},"primaryImageOfPage":{"@id":"https:\/\/www.tunisiechallenge.com\/pt-pt\/na-tunisia-com-o-mercedes-clk-430-v8-de-tracao-traseira\/#primaryimage"},"image":{"@id":"https:\/\/www.tunisiechallenge.com\/pt-pt\/na-tunisia-com-o-mercedes-clk-430-v8-de-tracao-traseira\/#primaryimage"},"thumbnailUrl":"https:\/\/www.tunisiechallenge.com\/wp-content\/uploads\/2025\/05\/Tunisie-Challenge-05_05.png","datePublished":"2025-05-04T20:39:23+00:00","dateModified":"2025-05-04T20:56:24+00:00","description":"O Mercedes CLK 430 V8, habitualmente utilizado como briefingcar na Maroc Challenge, \u00e9 a grande novidade que levamos para a Tun\u00edsia para os reconhecimentos da quinta edi\u00e7\u00e3o da Tunisie Challenge, que come\u00e7ar\u00e3o no pr\u00f3ximo dia 13 de maio.","breadcrumb":{"@id":"https:\/\/www.tunisiechallenge.com\/pt-pt\/na-tunisia-com-o-mercedes-clk-430-v8-de-tracao-traseira\/#breadcrumb"},"inLanguage":"pt-PT","potentialAction":[{"@type":"ReadAction","target":["https:\/\/www.tunisiechallenge.com\/pt-pt\/na-tunisia-com-o-mercedes-clk-430-v8-de-tracao-traseira\/"]}]},{"@type":"ImageObject","inLanguage":"pt-PT","@id":"https:\/\/www.tunisiechallenge.com\/pt-pt\/na-tunisia-com-o-mercedes-clk-430-v8-de-tracao-traseira\/#primaryimage","url":"https:\/\/www.tunisiechallenge.com\/wp-content\/uploads\/2025\/05\/Tunisie-Challenge-05_05.png","contentUrl":"https:\/\/www.tunisiechallenge.com\/wp-content\/uploads\/2025\/05\/Tunisie-Challenge-05_05.png","width":1200,"height":675},{"@type":"BreadcrumbList","@id":"https:\/\/www.tunisiechallenge.com\/pt-pt\/na-tunisia-com-o-mercedes-clk-430-v8-de-tracao-traseira\/#breadcrumb","itemListElement":[{"@type":"ListItem","position":1,"name":"Portada","item":"https:\/\/www.tunisiechallenge.com\/pt-pt\/"},{"@type":"ListItem","position":2,"name":"NA TUN\u00cdSIA COM O MERCEDES CLK 430 V8 DE TRA\u00c7\u00c3O TRASEIRA!"}]},{"@type":"WebSite","@id":"https:\/\/www.tunisiechallenge.com\/pt-pt\/#website","url":"https:\/\/www.tunisiechallenge.com\/pt-pt\/","name":"Tunisie Challenge","description":"O Dakar dos anos 70 para os aventureiros de hoje","publisher":{"@id":"https:\/\/www.tunisiechallenge.com\/pt-pt\/#organization"},"potentialAction":[{"@type":"SearchAction","target":{"@type":"EntryPoint","urlTemplate":"https:\/\/www.tunisiechallenge.com\/pt-pt\/?s={search_term_string}"},"query-input":{"@type":"PropertyValueSpecification","valueRequired":true,"valueName":"search_term_string"}}],"inLanguage":"pt-PT"},{"@type":"Organization","@id":"https:\/\/www.tunisiechallenge.com\/pt-pt\/#organization","name":"TUNISIE CHALLENGE","url":"https:\/\/www.tunisiechallenge.com\/pt-pt\/","logo":{"@type":"ImageObject","inLanguage":"pt-PT","@id":"https:\/\/www.tunisiechallenge.com\/pt-pt\/#\/schema\/logo\/image\/","url":"https:\/\/www.tunisiechallenge.com\/wp-content\/uploads\/2021\/09\/Logo-Tunisie_Challenge.png","contentUrl":"https:\/\/www.tunisiechallenge.com\/wp-content\/uploads\/2021\/09\/Logo-Tunisie_Challenge.png","width":170,"height":96,"caption":"TUNISIE CHALLENGE"},"image":{"@id":"https:\/\/www.tunisiechallenge.com\/pt-pt\/#\/schema\/logo\/image\/"}},{"@type":"Person","@id":"https:\/\/www.tunisiechallenge.com\/pt-pt\/#\/schema\/person\/298a597a188b0019416217b2301b9e10","name":"Rui Caba\u00e7o","image":{"@type":"ImageObject","inLanguage":"pt-PT","@id":"https:\/\/secure.gravatar.com\/avatar\/7ac3f434351cbd7875a5f064f6695a52ab4f6ffeb48c6bffb908c8e6f0e3bf73?s=96&d=mm&r=g","url":"https:\/\/secure.gravatar.com\/avatar\/7ac3f434351cbd7875a5f064f6695a52ab4f6ffeb48c6bffb908c8e6f0e3bf73?s=96&d=mm&r=g","contentUrl":"https:\/\/secure.gravatar.com\/avatar\/7ac3f434351cbd7875a5f064f6695a52ab4f6ffeb48c6bffb908c8e6f0e3bf73?s=96&d=mm&r=g","caption":"Rui Caba\u00e7o"},"url":"https:\/\/www.tunisiechallenge.com\/pt-pt\/author\/ruibri1\/"}]}},"_links":{"self":[{"href":"https:\/\/www.tunisiechallenge.com\/pt-pt\/wp-json\/wp\/v2\/posts\/22481","targetHints":{"allow":["GET"]}}],"collection":[{"href":"https:\/\/www.tunisiechallenge.com\/pt-pt\/wp-json\/wp\/v2\/posts"}],"about":[{"href":"https:\/\/www.tunisiechallenge.com\/pt-pt\/wp-json\/wp\/v2\/types\/post"}],"author":[{"embeddable":true,"href":"https:\/\/www.tunisiechallenge.com\/pt-pt\/wp-json\/wp\/v2\/users\/2"}],"replies":[{"embeddable":true,"href":"https:\/\/www.tunisiechallenge.com\/pt-pt\/wp-json\/wp\/v2\/comments?post=22481"}],"version-history":[{"count":2,"href":"https:\/\/www.tunisiechallenge.com\/pt-pt\/wp-json\/wp\/v2\/posts\/22481\/revisions"}],"predecessor-version":[{"id":22489,"href":"https:\/\/www.tunisiechallenge.com\/pt-pt\/wp-json\/wp\/v2\/posts\/22481\/revisions\/22489"}],"wp:featuredmedia":[{"embeddable":true,"href":"https:\/\/www.tunisiechallenge.com\/pt-pt\/wp-json\/wp\/v2\/media\/22475"}],"wp:attachment":[{"href":"https:\/\/www.tunisiechallenge.com\/pt-pt\/wp-json\/wp\/v2\/media?parent=22481"}],"wp:term":[{"taxonomy":"category","embeddable":true,"href":"https:\/\/www.tunisiechallenge.com\/pt-pt\/wp-json\/wp\/v2\/categories?post=22481"},{"taxonomy":"post_tag","embeddable":true,"href":"https:\/\/www.tunisiechallenge.com\/pt-pt\/wp-json\/wp\/v2\/tags?post=22481"}],"curies":[{"name":"wp","href":"https:\/\/api.w.org\/{rel}","templated":true}]}}